{"id":1280,"date":"2017-07-15T15:46:10","date_gmt":"2017-07-15T13:46:10","guid":{"rendered":"http:\/\/www.puntoevirgolamamma.it\/?p=1280"},"modified":"2017-07-17T15:24:45","modified_gmt":"2017-07-17T13:24:45","slug":"10-libri-bambini-piu-belli-del-2017-parte","status":"publish","type":"post","link":"https:\/\/www.puntoevirgolamamma.it\/index.php\/2017\/07\/15\/10-libri-bambini-piu-belli-del-2017-parte\/","title":{"rendered":"I 10 libri per bambini pi\u00f9 belli del 2017 &#8211; prima parte"},"content":{"rendered":"<!--CusAdsVi1--><p><em>Cristina Di Matteo, de <a href=\"https:\/\/www.ilmondodichri.com\/\">Il mondo di Chri<\/a>, ci regala una lista di libri per bambini da lei considerati i pi\u00f9 belli del 2017. Vi consiglio di leggere questa lista, e non perdervene neanche uno!<\/em><strong><br \/>\n<\/strong><br \/>\nCari amici ecco quali sono stati i <strong>10 libri per bambini pi\u00f9 belli<\/strong> che io ed Asia abbiamo letto in questi primi sei mesi del 2017.<\/p><!--CusRndVi-->\n<ol>\n<li><strong>IL NONNARIO<\/strong> \u00e8 un bellissimo libro a fisarmonica che descrive le varie \u201ctipologie\u201d di nonni in circolazione, con testo in rima e illustrazioni acquerellate ( <a href=\"https:\/\/www.ilmondodichri.com\/single-post\/2017\/03\/29\/KIDS-BOOKS-IL-NONNARIO-di-Lorenzo-Naia-e-Roberta-Rossetti-per-VERBAVOLANT-EDIZIONI\">qui la recensione completa<\/a>)\n<p><figure id=\"attachment_1284\" class=\"thumbnail wp-caption aligncenter\" style=\"width: 310px\"><img loading=\"lazy\" class=\"size-medium wp-image-1284\" src=\"http:\/\/www.puntoevirgolamamma.it\/wp-content\/uploads\/2017\/07\/Il-nonnario-Il-mondo-di-Chri-300x200.jpg\" alt=\"Il nonnario - Il mondo di Chri\" width=\"300\" height=\"200\" srcset=\"https:\/\/www.puntoevirgolamamma.it\/wp-content\/uploads\/2017\/07\/Il-nonnario-Il-mondo-di-Chri-300x200.jpg 300w, https:\/\/www.puntoevirgolamamma.it\/wp-content\/uploads\/2017\/07\/Il-nonnario-Il-mondo-di-Chri-768x512.jpg 768w, https:\/\/www.puntoevirgolamamma.it\/wp-content\/uploads\/2017\/07\/Il-nonnario-Il-mondo-di-Chri-1024x682.jpg 1024w, https:\/\/www.puntoevirgolamamma.it\/wp-content\/uploads\/2017\/07\/Il-nonnario-Il-mondo-di-Chri-330x220.jpg 330w, https:\/\/www.puntoevirgolamamma.it\/wp-content\/uploads\/2017\/07\/Il-nonnario-Il-mondo-di-Chri.jpg 1772w\" sizes=\"(max-width: 300px) 100vw, 300px\" \/><figcaption class=\"caption wp-caption-text\">Il nonnario &#8211; Il mondo di Chri<\/figcaption><\/figure><\/li>\n<li><strong>PRIMI VOLI<\/strong> \u00e8 un tenerissimo cofanetto che contiene 3 libricini ( FARE PENSARE e CONTARE) dedicati all\u2019apprendimento prescolare. Utilissimo per i bimbi che a settembre inizieranno la primaria ( <a href=\"https:\/\/www.ilmondodichri.com\/single-post\/2017\/05\/31\/KIDS-BOOKS-PRIMI-VOLI-Apprendere-nella-scuola-dellinfanzia-con-il-metodo-analogico-di-Camillo-Bortolato-per-EDIZIONI-CENTRO-STUDI-ERICKSON\">qui la recensione completa<\/a>)\n<p><figure id=\"attachment_1285\" class=\"thumbnail wp-caption aligncenter\" style=\"width: 310px\"><img loading=\"lazy\" class=\"size-medium wp-image-1285\" src=\"http:\/\/www.puntoevirgolamamma.it\/wp-content\/uploads\/2017\/07\/Primi-voli-Il-mondo-di-Chri-300x200.jpg\" alt=\"Primi voli - Il mondo di Chri\" width=\"300\" height=\"200\" srcset=\"https:\/\/www.puntoevirgolamamma.it\/wp-content\/uploads\/2017\/07\/Primi-voli-Il-mondo-di-Chri-300x200.jpg 300w, https:\/\/www.puntoevirgolamamma.it\/wp-content\/uploads\/2017\/07\/Primi-voli-Il-mondo-di-Chri-768x512.jpg 768w, https:\/\/www.puntoevirgolamamma.it\/wp-content\/uploads\/2017\/07\/Primi-voli-Il-mondo-di-Chri-1024x682.jpg 1024w, https:\/\/www.puntoevirgolamamma.it\/wp-content\/uploads\/2017\/07\/Primi-voli-Il-mondo-di-Chri-330x220.jpg 330w, https:\/\/www.puntoevirgolamamma.it\/wp-content\/uploads\/2017\/07\/Primi-voli-Il-mondo-di-Chri.jpg 1772w\" sizes=\"(max-width: 300px) 100vw, 300px\" \/><figcaption class=\"caption wp-caption-text\">Primi voli &#8211; Il mondo di Chri<\/figcaption><\/figure><\/li>\n<li><strong>IL LIBRO DELL\u2019AMORE<\/strong> un coloratissimo libro illustrato con colori sgargianti che trasuda amore ( <a href=\"https:\/\/www.ilmondodichri.com\/single-post\/2017\/05\/13\/KIDS-BOOKS-IL-LIBRO-DELLAMORE-di-Todd-Parr-per-IL-BATTELLO-A-VAPORE\">qui la recensione completa<\/a>)\n<p><figure id=\"attachment_1286\" class=\"thumbnail wp-caption aligncenter\" style=\"width: 310px\"><img loading=\"lazy\" class=\"size-medium wp-image-1286\" src=\"http:\/\/www.puntoevirgolamamma.it\/wp-content\/uploads\/2017\/07\/Il-libro-dellamore-Il-mondo-di-Chri-300x300.jpg\" alt=\"Il libro dell'amore - Il mondo di Chri\" width=\"300\" height=\"300\" srcset=\"https:\/\/www.puntoevirgolamamma.it\/wp-content\/uploads\/2017\/07\/Il-libro-dellamore-Il-mondo-di-Chri-300x300.jpg 300w, https:\/\/www.puntoevirgolamamma.it\/wp-content\/uploads\/2017\/07\/Il-libro-dellamore-Il-mondo-di-Chri-150x150.jpg 150w, https:\/\/www.puntoevirgolamamma.it\/wp-content\/uploads\/2017\/07\/Il-libro-dellamore-Il-mondo-di-Chri-768x768.jpg 768w, https:\/\/www.puntoevirgolamamma.it\/wp-content\/uploads\/2017\/07\/Il-libro-dellamore-Il-mondo-di-Chri-1024x1024.jpg 1024w, https:\/\/www.puntoevirgolamamma.it\/wp-content\/uploads\/2017\/07\/Il-libro-dellamore-Il-mondo-di-Chri.jpg 1772w\" sizes=\"(max-width: 300px) 100vw, 300px\" \/><figcaption class=\"caption wp-caption-text\">Il libro dell&#8217;amore &#8211; Il mondo di Chri<\/figcaption><\/figure><\/li>\n<li><strong>LA VOCE DEI COLORI<\/strong> \u00e8 una dei libri pi\u00f9 belli e profondi che abbia mai letto. Un libro che parla di disabilit\u00e0 in modo sognante ed etereo. Meravigliose poi le illustrazioni ( <a href=\"https:\/\/www.ilmondodichri.com\/single-post\/2017\/06\/18\/KIDS-BOOKS-LA-VOCE-DEI-COLORI-di-Jimmy-Liao-per-EDIZIONI-GRUPPO-ABELE\">qui la recensione completa<\/a>)\n<p><figure id=\"attachment_1287\" class=\"thumbnail wp-caption aligncenter\" style=\"width: 310px\"><img loading=\"lazy\" class=\"size-medium wp-image-1287\" src=\"http:\/\/www.puntoevirgolamamma.it\/wp-content\/uploads\/2017\/07\/La-voce-dei-colori-Il-mondo-di-Chri-300x300.jpg\" alt=\"La voce dei colori - Il mondo di Chri\" width=\"300\" height=\"300\" srcset=\"https:\/\/www.puntoevirgolamamma.it\/wp-content\/uploads\/2017\/07\/La-voce-dei-colori-Il-mondo-di-Chri-300x300.jpg 300w, https:\/\/www.puntoevirgolamamma.it\/wp-content\/uploads\/2017\/07\/La-voce-dei-colori-Il-mondo-di-Chri-150x150.jpg 150w, https:\/\/www.puntoevirgolamamma.it\/wp-content\/uploads\/2017\/07\/La-voce-dei-colori-Il-mondo-di-Chri.jpg 600w\" sizes=\"(max-width: 300px) 100vw, 300px\" \/><figcaption class=\"caption wp-caption-text\">La voce dei colori &#8211; Il mondo di Chri<\/figcaption><\/figure><\/li>\n<li><strong>IL CURIOSO CASO DEL MAMMUT SCOMPARSO<\/strong> \u00e8 un super libro coloratissimo e pieno di finestrelle tutte da aprire, ambientato nel Museo di Storia Naturale. Dove si sar\u00e0 nascosto il nostro piccolo Mammut? ( <a href=\"https:\/\/www.ilmondodichri.com\/single-post\/2017\/05\/07\/KIDS-BOOKS-IL-CURIOSO-CASO-DEL-MAMMUT-SCOMPARSO-di-Ellie-Hattie-e-Karl-James-Mountford-per-SASSI-JUNIOR\">qui la recensione completa<\/a>)\n<p><figure id=\"attachment_1281\" class=\"thumbnail wp-caption aligncenter\" style=\"width: 268px\"><img loading=\"lazy\" class=\" wp-image-1281\" src=\"http:\/\/www.puntoevirgolamamma.it\/wp-content\/uploads\/2017\/07\/Il-curioso-caso-del-Mammut-Scomparso-Il-mondo-di-Chri-300x300.jpg\" alt=\"Il curioso caso del Mammut scomparso - Il mondo di Chri\" width=\"258\" height=\"258\" srcset=\"https:\/\/www.puntoevirgolamamma.it\/wp-content\/uploads\/2017\/07\/Il-curioso-caso-del-Mammut-Scomparso-Il-mondo-di-Chri-300x300.jpg 300w, https:\/\/www.puntoevirgolamamma.it\/wp-content\/uploads\/2017\/07\/Il-curioso-caso-del-Mammut-Scomparso-Il-mondo-di-Chri-150x150.jpg 150w, https:\/\/www.puntoevirgolamamma.it\/wp-content\/uploads\/2017\/07\/Il-curioso-caso-del-Mammut-Scomparso-Il-mondo-di-Chri.jpg 600w\" sizes=\"(max-width: 258px) 100vw, 258px\" \/><figcaption class=\"caption wp-caption-text\">Il curioso caso del Mammut scomparso &#8211; Il mondo di Chri<\/figcaption><\/figure><\/li>\n<li><strong>MI DISEGNI UN PICCOLO PRINCIPE?<\/strong> \u00c8 un testo che non si pu\u00f2 non amare. Un albo che sottolinea l\u2019importanza di credere in se stessi. Poi se ami il Piccolo Principe non puoi non innamorarti della tenere pecorella J ( <a href=\"https:\/\/www.ilmondodichri.com\/single-post\/2017\/03\/24\/KIDS-BOOKS-MI-DISEGNI-UN-PICCOLO-PRINCIPE-di-Michel-Van-Zeveren-per-BABALIBRI\">qui la recensione completa<\/a>)\n<p><figure id=\"attachment_1283\" class=\"thumbnail wp-caption aligncenter\" style=\"width: 210px\"><img loading=\"lazy\" class=\"size-medium wp-image-1283\" src=\"http:\/\/www.puntoevirgolamamma.it\/wp-content\/uploads\/2017\/07\/Mi-disegni-un-piccolo-principe-Il-mondo-di-Chri-200x300.jpg\" alt=\"Mi disegni un piccolo principe? - Il mondo di Chri\" width=\"200\" height=\"300\" srcset=\"https:\/\/www.puntoevirgolamamma.it\/wp-content\/uploads\/2017\/07\/Mi-disegni-un-piccolo-principe-Il-mondo-di-Chri-200x300.jpg 200w, https:\/\/www.puntoevirgolamamma.it\/wp-content\/uploads\/2017\/07\/Mi-disegni-un-piccolo-principe-Il-mondo-di-Chri-768x1152.jpg 768w, https:\/\/www.puntoevirgolamamma.it\/wp-content\/uploads\/2017\/07\/Mi-disegni-un-piccolo-principe-Il-mondo-di-Chri-682x1024.jpg 682w, https:\/\/www.puntoevirgolamamma.it\/wp-content\/uploads\/2017\/07\/Mi-disegni-un-piccolo-principe-Il-mondo-di-Chri.jpg 1181w\" sizes=\"(max-width: 200px) 100vw, 200px\" \/><figcaption class=\"caption wp-caption-text\">Mi disegni un piccolo principe? &#8211; Il mondo di Chri<\/figcaption><\/figure><\/li>\n<li><strong>NON VOGLIO ESSERE UNA RANA<\/strong> \u00e8 un libro buffissimo, che narra di una ranocchia che vuole essere qualsiasi altro animale fuorch\u00e9 una rana! Impossibile non ridere ( <a href=\"https:\/\/www.ilmondodichri.com\/single-post\/2017\/05\/03\/KIDS-BOOKS-NON-VOGLIO-ESSERE-UNA-RANA-di-Dev-Petty-e-Mike-Boldt-per-DE-AGOSTINI\">qui la recensione completa<\/a>)\n<p><figure id=\"attachment_1288\" class=\"thumbnail wp-caption aligncenter\" style=\"width: 310px\"><img loading=\"lazy\" class=\"size-medium wp-image-1288\" src=\"http:\/\/www.puntoevirgolamamma.it\/wp-content\/uploads\/2017\/07\/Non-voglio-essere-una-rana-Il-mondo-di-Chri-300x200.jpg\" alt=\"Non voglio essere una rana - Il mondo di Chri\" width=\"300\" height=\"200\" srcset=\"https:\/\/www.puntoevirgolamamma.it\/wp-content\/uploads\/2017\/07\/Non-voglio-essere-una-rana-Il-mondo-di-Chri-300x200.jpg 300w, https:\/\/www.puntoevirgolamamma.it\/wp-content\/uploads\/2017\/07\/Non-voglio-essere-una-rana-Il-mondo-di-Chri-330x220.jpg 330w, https:\/\/www.puntoevirgolamamma.it\/wp-content\/uploads\/2017\/07\/Non-voglio-essere-una-rana-Il-mondo-di-Chri.jpg 600w\" sizes=\"(max-width: 300px) 100vw, 300px\" \/><figcaption class=\"caption wp-caption-text\">Non voglio essere una rana &#8211; Il mondo di Chri<\/figcaption><\/figure><\/li>\n<li><strong>LA FESTA DEI FRUTTI<\/strong> \u00e8 un bellissimo ed esaustivo albo illustrato che descrive, attraverso una storia romanzata, le varie tipologie di frutti. Meraviglioso ( <a href=\"https:\/\/www.ilmondodichri.com\/single-post\/2017\/04\/19\/KIDS-BOOKS-LA-FESTA-DEI-FRUTTI-di-Gerda-Muller-per-BABALIBRI\">qui la recensione completa<\/a>)\n<p><figure id=\"attachment_1289\" class=\"thumbnail wp-caption aligncenter\" style=\"width: 310px\"><img loading=\"lazy\" class=\"size-medium wp-image-1289\" src=\"http:\/\/www.puntoevirgolamamma.it\/wp-content\/uploads\/2017\/07\/La-festa-dei-frutti-Il-mondo-di-Chri-300x300.jpg\" alt=\"La festa dei frutti - Il mondo di Chri\" width=\"300\" height=\"300\" srcset=\"https:\/\/www.puntoevirgolamamma.it\/wp-content\/uploads\/2017\/07\/La-festa-dei-frutti-Il-mondo-di-Chri-300x300.jpg 300w, https:\/\/www.puntoevirgolamamma.it\/wp-content\/uploads\/2017\/07\/La-festa-dei-frutti-Il-mondo-di-Chri-150x150.jpg 150w, https:\/\/www.puntoevirgolamamma.it\/wp-content\/uploads\/2017\/07\/La-festa-dei-frutti-Il-mondo-di-Chri.jpg 600w\" sizes=\"(max-width: 300px) 100vw, 300px\" \/><figcaption class=\"caption wp-caption-text\">La festa dei frutti &#8211; Il mondo di Chri<\/figcaption><\/figure><\/li>\n<li><strong>BOOM! E\u2019 NATO L\u2019UNIVERSO! VIAGGI E AVVENTURE DI IPAZIO SCERIFFO DELLO SPAZIO<\/strong> narra di un pollo super chiacchierone che parte alla ricerca delle meraviglie e dei segreti dell\u2019Universo. Stupendo ( <a href=\"https:\/\/www.ilmondodichri.com\/single-post\/2017\/05\/16\/KIDS-BOOKS-BOOOM-E-NATO-LUNIVERSO-Viaggi-e-avventure-di-Ipazio-%E2%80%9Csceriffo-dello-spazio%E2%80%9D-di-Maria-Pia-Felici-Maurizio-Isopo-per-DI-RENZO-EDITORE\">qui la recensione completa<\/a>)\n<p><figure id=\"attachment_1290\" class=\"thumbnail wp-caption aligncenter\" style=\"width: 310px\"><img loading=\"lazy\" class=\"size-medium wp-image-1290\" src=\"http:\/\/www.puntoevirgolamamma.it\/wp-content\/uploads\/2017\/07\/Boom-\u00e8-nato-luniverso-Il-mondo-di-Chri-300x300.jpg\" alt=\"Booom!!! E' nato l'universo - Il mondo di Chri\" width=\"300\" height=\"300\" srcset=\"https:\/\/www.puntoevirgolamamma.it\/wp-content\/uploads\/2017\/07\/Boom-\u00e8-nato-luniverso-Il-mondo-di-Chri-300x300.jpg 300w, https:\/\/www.puntoevirgolamamma.it\/wp-content\/uploads\/2017\/07\/Boom-\u00e8-nato-luniverso-Il-mondo-di-Chri-150x150.jpg 150w, https:\/\/www.puntoevirgolamamma.it\/wp-content\/uploads\/2017\/07\/Boom-\u00e8-nato-luniverso-Il-mondo-di-Chri.jpg 600w\" sizes=\"(max-width: 300px) 100vw, 300px\" \/><figcaption class=\"caption wp-caption-text\">Booom!!! E&#8217; nato l&#8217;universo &#8211; Il mondo di Chri<\/figcaption><\/figure><\/li>\n<li><strong>LE MIE PICCOLE PAURE<\/strong> \u00e8 un testo pieno di finestrelle e illustrazioni dai colori tenui che ha lo scopo di far superare ai nostri piccoli le loro piccole paure attraverso il coraggio. Bellissimo( <a href=\"https:\/\/www.ilmondodichri.com\/single-post\/2017\/04\/12\/KIDS-BOOKS-LE-MIE-PICCOLE-PAURE-di-Jo-Witek-e-Christine-Roussey-per-GALLUCCI-EDITORE\">qui la recensione completa<\/a>)\n<p><figure id=\"attachment_1291\" class=\"thumbnail wp-caption aligncenter\" style=\"width: 310px\"><img loading=\"lazy\" class=\"size-medium wp-image-1291\" src=\"http:\/\/www.puntoevirgolamamma.it\/wp-content\/uploads\/2017\/07\/Le-mie-piccole-paure-Il-mondo-di-Chri-300x300.jpg\" alt=\"Le mie piccole paure - Il mondo di Chri\" width=\"300\" height=\"300\" srcset=\"https:\/\/www.puntoevirgolamamma.it\/wp-content\/uploads\/2017\/07\/Le-mie-piccole-paure-Il-mondo-di-Chri-300x300.jpg 300w, https:\/\/www.puntoevirgolamamma.it\/wp-content\/uploads\/2017\/07\/Le-mie-piccole-paure-Il-mondo-di-Chri-150x150.jpg 150w, https:\/\/www.puntoevirgolamamma.it\/wp-content\/uploads\/2017\/07\/Le-mie-piccole-paure-Il-mondo-di-Chri.jpg 600w\" sizes=\"(max-width: 300px) 100vw, 300px\" \/><figcaption class=\"caption wp-caption-text\">Le mie piccole paure &#8211; Il mondo di Chri<\/figcaption><\/figure><\/li>\n<\/ol>\n<p>Non \u00e8 una classifica di gradimento ma l\u2019insieme dei libri per bambini che abbiamo letto e riletto durante questi mesi. Quali sono stati invece i tuoi?<\/p>\n<p>Al prossimo post<\/p>\n<p>Cristina<\/p>\n<p><a href=\"http:\/\/www.ilmondodichri.com\">www.ilmondodichri.com<\/a><\/p>\n\n<div style=\"font-size: 0px; height: 0px; line-height: 0px; margin: 0; padding: 0; clear: both;\"><\/div>","protected":false},"excerpt":{"rendered":"<p>Cristina Di Matteo, de Il mondo di Chri, ci regala una lista di libri per bambini da lei considerati i pi\u00f9 belli del 2017. Vi consiglio di leggere questa lista, e non perdervene neanche uno! Cari amici ecco quali sono stati i 10 libri per bambini pi\u00f9 belli che io ed Asia abbiamo letto in [&#8230;]<\/p>\n","protected":false},"author":1,"featured_media":1284,"comment_status":"open","ping_status":"open","sticky":false,"template":"","format":"standard","meta":[],"categories":[324],"tags":[471,470,339,238,377],"_links":{"self":[{"href":"https:\/\/www.puntoevirgolamamma.it\/index.php\/wp-json\/wp\/v2\/posts\/1280"}],"collection":[{"href":"https:\/\/www.puntoevirgolamamma.it\/index.php\/wp-json\/wp\/v2\/posts"}],"about":[{"href":"https:\/\/www.puntoevirgolamamma.it\/index.php\/wp-json\/wp\/v2\/types\/post"}],"author":[{"embeddable":true,"href":"https:\/\/www.puntoevirgolamamma.it\/index.php\/wp-json\/wp\/v2\/users\/1"}],"replies":[{"embeddable":true,"href":"https:\/\/www.puntoevirgolamamma.it\/index.php\/wp-json\/wp\/v2\/comments?post=1280"}],"version-history":[{"count":7,"href":"https:\/\/www.puntoevirgolamamma.it\/index.php\/wp-json\/wp\/v2\/posts\/1280\/revisions"}],"predecessor-version":[{"id":1298,"href":"https:\/\/www.puntoevirgolamamma.it\/index.php\/wp-json\/wp\/v2\/posts\/1280\/revisions\/1298"}],"wp:featuredmedia":[{"embeddable":true,"href":"https:\/\/www.puntoevirgolamamma.it\/index.php\/wp-json\/wp\/v2\/media\/1284"}],"wp:attachment":[{"href":"https:\/\/www.puntoevirgolamamma.it\/index.php\/wp-json\/wp\/v2\/media?parent=1280"}],"wp:term":[{"taxonomy":"category","embeddable":true,"href":"https:\/\/www.puntoevirgolamamma.it\/index.php\/wp-json\/wp\/v2\/categories?post=1280"},{"taxonomy":"post_tag","embeddable":true,"href":"https:\/\/www.puntoevirgolamamma.it\/index.php\/wp-json\/wp\/v2\/tags?post=1280"}],"curies":[{"name":"wp","href":"https:\/\/api.w.org\/{rel}","templated":true}]}}