{"id":84,"date":"2015-08-20T15:28:01","date_gmt":"2015-08-20T13:28:01","guid":{"rendered":"http:\/\/www.puntoevirgolamamma.it\/?p=84"},"modified":"2015-08-20T15:39:40","modified_gmt":"2015-08-20T13:39:40","slug":"lemozione-di-comprare-grembiulini-per-il-primo-anno-di-asilo","status":"publish","type":"post","link":"http:\/\/www.puntoevirgolamamma.it\/index.php\/2015\/08\/20\/lemozione-di-comprare-grembiulini-per-il-primo-anno-di-asilo\/","title":{"rendered":"L&#8217;emozione di comprare i grembiulini per il primo anno di asilo"},"content":{"rendered":"<!--CusAdsVi1--><p><strong>Sofia \u00e8 femmina<\/strong>, e si vede.<br \/>\nCi sono giorni in cui entra nei <strong>negozi<\/strong> e mi chiede se le sta bene quel vestito che le piace tanto. E lo fa con tutti i vestiti che ci sono.<br \/>\n<strong>Vanitosa<\/strong> davanti allo specchio, prova tutti i cappelli,le collane e i bracciali che trova.<br \/>\nEd io non posso che chiedermi da chi ha preso.<br \/>\nMa ieri mattina era distratta in quel <strong>negozio<\/strong> vicino casa. Era tutta presa dai giocattoli e non si \u00e8 resa conto di come la <strong>commozione<\/strong> stava prendendo il sopravvento sulla sua <strong>mamma<\/strong>.<br \/>\nNon importa quanti vestiti posso provarle (e con le femmine \u00e8 bellissimo), potrei comprarle i vestiti pi\u00f9 belli, pi\u00f9 originali del mondo, ma non sarebbe neanche lontanamente <strong>emozionante<\/strong> quanto il nostro piccolo momento speciale di ieri mattina.<br \/>\n<strong>Io e il suo pap\u00e0<\/strong> le abbiamo provato e comprato i <strong>grembiuli per il suo primo anno di asilo<\/strong>, e questo va al di sopra di ogni giornata di <strong>shopping<\/strong> che abbiamo passato insieme.<br \/>\n<a href=\"http:\/\/www.puntoevirgolamamma.it\/index.php\/2015\/08\/20\/lemozione-di-comprare-i-grembiulini-per-lasilo\/grembiulini-asilo-sofia\/\" rel=\"attachment wp-att-90\"><img loading=\"lazy\" class=\"aligncenter size-full wp-image-90\" src=\"http:\/\/www.puntoevirgolamamma.it\/wp-content\/uploads\/2015\/08\/grembiulini-asilo-Sofia.jpg\" alt=\"grembiulini-asilo-Sofia\" width=\"600\" height=\"384\" srcset=\"http:\/\/www.puntoevirgolamamma.it\/wp-content\/uploads\/2015\/08\/grembiulini-asilo-Sofia.jpg 600w, http:\/\/www.puntoevirgolamamma.it\/wp-content\/uploads\/2015\/08\/grembiulini-asilo-Sofia-300x192.jpg 300w\" sizes=\"(max-width: 600px) 100vw, 600px\" \/><\/a><strong>La mia cucciola<\/strong> \u00e8 ormai una <strong>piccola donna<\/strong> che si guarda allo specchio con quel <strong>grembiule a quadretti rosa e bianco<\/strong>, nella consapevolezza che tra un mese inizier\u00e0 una nuova vita, un nuovo periodo, una nuova avventura.<br \/>\nMentre la guardavo con il suo <strong>grembiulino<\/strong> nuovo, mi \u00e8 venuta in mente la foto del mio primo giorno d&#8217;asilo, con quei capelli raccolti, lo stesso grembiulino, lo zainetto e la stessa espressione di <strong>Sofia<\/strong>. Sono passati 22 anni da quel giorno, ed ora tocca a lei, e ritocca a me in un ruolo diverso.<br \/>\nL&#8217;ho guardata ed ho pensato che <strong>non ho mai visto nulla di pi\u00f9 bello<\/strong> e che sono pronta, o meglio sar\u00f2 pronta, ad affrontare questo cambiamento insieme a <strong>mia figlia<\/strong>.<br \/>\nLei non vede l&#8217;ora. Non aspetta altro che andare all&#8217;<strong>asilo<\/strong> e divertirsi insieme a tanti altri <strong>bambini<\/strong> con cui sicuramente far\u00e0 subito amicizia. Io sono combattuta. Non vedo l&#8217;ora che inizi<strong> l&#8217;asilo<\/strong> per vederla felice, piena di amici e di cose da raccontare, e per potermi concedere un po&#8217; di tempo per me stessa, cosa che non ho fatto negli ultimi tre anni.<br \/>\nMa nello stesso tempo mi chiedo cosa far\u00f2 senza averla intorno 24 ore su 24.<br \/>\nMa sar\u00e0 una <strong>bellissima esperienza<\/strong>, che tra un mese inizieremo insieme. E non sto pi\u00f9 nella pelle. Perch\u00e9 sono sicura che sar\u00e0 <strong>felice<\/strong>. E di conseguenza lo sar\u00f2 anche io.<br \/>\nOra i <strong>grembiulini<\/strong> sono ben sistemati nell&#8217;armadio, pronti per essere indossati in questa nuova avventura. E cos\u00ec come loro, anche noi siamo pronte per questa <strong>nuova vita insieme<\/strong>, per le <strong>nuove emozioni<\/strong> che proveremo e per le <strong>nuove scoperte<\/strong> che faremo insieme.<br \/>\nIeri \u00e8 stata <strong>la giornata di shopping pi\u00f9 emozionante di tutta la mia vita<\/strong>.<\/p><!--CusRndVi-->\n<p>Chiara<\/p>\n\n<div style=\"font-size: 0px; height: 0px; line-height: 0px; margin: 0; padding: 0; clear: both;\"><\/div>","protected":false},"excerpt":{"rendered":"<p>Ma ieri mattina era distratta in quel <strong>negozio<\/strong> vicino casa. Era tutta presa dai giocattoli e non si \u00e8 resa conto di come la <strong>commozione<\/strong> stava prendendo il sopravvento sulla sua <strong>mamma<\/strong>.<br \/>\nNon importa quanti vestiti posso provarle (e con le femmine \u00e8 bellissimo), potrei comprarle i vestiti pi\u00f9 belli, pi\u00f9 originali del mondo, ma non sarebbe neanche lontanamente <strong>emozionante<\/strong> quanto il nostro piccolo momento speciale di ieri mattina.<\/p>\n","protected":false},"author":1,"featured_media":0,"comment_status":"open","ping_status":"open","sticky":false,"template":"","format":"standard","meta":[],"categories":[1],"tags":[38,18,39,17],"_links":{"self":[{"href":"http:\/\/www.puntoevirgolamamma.it\/index.php\/wp-json\/wp\/v2\/posts\/84"}],"collection":[{"href":"http:\/\/www.puntoevirgolamamma.it\/index.php\/wp-json\/wp\/v2\/posts"}],"about":[{"href":"http:\/\/www.puntoevirgolamamma.it\/index.php\/wp-json\/wp\/v2\/types\/post"}],"author":[{"embeddable":true,"href":"http:\/\/www.puntoevirgolamamma.it\/index.php\/wp-json\/wp\/v2\/users\/1"}],"replies":[{"embeddable":true,"href":"http:\/\/www.puntoevirgolamamma.it\/index.php\/wp-json\/wp\/v2\/comments?post=84"}],"version-history":[{"count":6,"href":"http:\/\/www.puntoevirgolamamma.it\/index.php\/wp-json\/wp\/v2\/posts\/84\/revisions"}],"predecessor-version":[{"id":92,"href":"http:\/\/www.puntoevirgolamamma.it\/index.php\/wp-json\/wp\/v2\/posts\/84\/revisions\/92"}],"wp:attachment":[{"href":"http:\/\/www.puntoevirgolamamma.it\/index.php\/wp-json\/wp\/v2\/media?parent=84"}],"wp:term":[{"taxonomy":"category","embeddable":true,"href":"http:\/\/www.puntoevirgolamamma.it\/index.php\/wp-json\/wp\/v2\/categories?post=84"},{"taxonomy":"post_tag","embeddable":true,"href":"http:\/\/www.puntoevirgolamamma.it\/index.php\/wp-json\/wp\/v2\/tags?post=84"}],"curies":[{"name":"wp","href":"https:\/\/api.w.org\/{rel}","templated":true}]}}