{"id":693,"date":"2016-04-21T15:04:59","date_gmt":"2016-04-21T13:04:59","guid":{"rendered":"http:\/\/www.puntoevirgolamamma.it\/?p=693"},"modified":"2016-04-21T15:04:59","modified_gmt":"2016-04-21T13:04:59","slug":"ora-parlano-i-figli-intervista-a-polpetta-e-pulcino-dal-blog-scintille-di-gioia","status":"publish","type":"post","link":"http:\/\/www.puntoevirgolamamma.it\/index.php\/2016\/04\/21\/ora-parlano-i-figli-intervista-a-polpetta-e-pulcino-dal-blog-scintille-di-gioia\/","title":{"rendered":"Ora parlano i figli: intervista a Polpetta e Pulcino, dal blog Scintille di Gioia"},"content":{"rendered":"<!--CusAdsVi1--><p>Nuova intervista su <strong>Punto e Virgola Mamma<\/strong>!<br \/>\nQuesta volta parlano <strong>Polpetta e Pulcino<\/strong>, direttamente dal blog <strong>Scintille di Gioia<\/strong>.<br \/>\n<img loading=\"lazy\" class=\"alignright size-medium wp-image-695\" src=\"http:\/\/www.puntoevirgolamamma.it\/wp-content\/uploads\/2016\/04\/image1-300x300.jpeg\" alt=\"image1\" width=\"300\" height=\"300\" srcset=\"http:\/\/www.puntoevirgolamamma.it\/wp-content\/uploads\/2016\/04\/image1-300x300.jpeg 300w, http:\/\/www.puntoevirgolamamma.it\/wp-content\/uploads\/2016\/04\/image1-150x150.jpeg 150w, http:\/\/www.puntoevirgolamamma.it\/wp-content\/uploads\/2016\/04\/image1-768x768.jpeg 768w, http:\/\/www.puntoevirgolamamma.it\/wp-content\/uploads\/2016\/04\/image1-1024x1024.jpeg 1024w, http:\/\/www.puntoevirgolamamma.it\/wp-content\/uploads\/2016\/04\/image1-50x50.jpeg 50w, http:\/\/www.puntoevirgolamamma.it\/wp-content\/uploads\/2016\/04\/image1.jpeg 1080w\" sizes=\"(max-width: 300px) 100vw, 300px\" \/><strong>Polpetta<\/strong> \u00e8 un bambino di quattro anni. \u0116 dolce e coccolone e dispensa abbracci, baci e sorrisi a tutti. \u00c8 un sognatore che ama le favole ed ha una fervida immaginazione. Curioso osservatore del mondo, ha sempre mille domande su qualsiasi argomento. Riesce a divertirsi e giocare con qualsiasi cosa, anche un sassolino, ma i suoi giochi preferiti sono i Transformers del pap\u00e0. Ama la musica e cantare, suona la sua piccola chitarra e ci delizia con i suoi spettacoli.<br \/>\n<strong>Pulcino<\/strong> ha nove mesi e mezzo. I suoi occhioni azzurri ed i suoi sorrisi conquistano tutti ed ha imparato l&#8217;arte di attirare l&#8217;attenzione dell&#8217;universo femminile di tutte le et\u00e0 con i suoi sguardi ammiccanti. \u00c8 dolce e tranquillo, ma non toglietegli il latte di mamma! Ama giocare a tappeto con i suoi giochi, ma se riesce ad afferrare quelli del fratello ride felice. Adora essere scorrazzato in giro nel passeggino, dove assume una posizione comoda ed osserva tutto con attenzione, o nella fascia portabimbi, da dove osserva il mondo lasciandosi coccolare.<br \/>\nLa parola a loro!<\/p>\n<p><strong>1 &#8211; Cosa pensi della tua mamma?<br \/>\nPolpetta<\/strong>: adoro la mia mamma. Le dico ogni giorno che le vorr\u00f2 sempre bene,\u00a0\u00a0 che la terr\u00f2 sempre con me, anche quando sar\u00e0 vecchia ed avr\u00e0 i capelli bianchi. Voglio stare sempre con lei, amo quando ci coccoliamo e soprattutto fare la sottiletta di mamma (mi stendo su di lei fino a che non diventa una sottiletta.) D&#8217;altronde ha una bellissima faccia&#8230; Mi piace fare tante cose con lei: la aiuto a fare i mestieri di casa, cuciniamo insieme e giochiamo tanto.<br \/>\nLa mia mamma mi racconta un sacco di storie e risponde alle mie infinite domande: quante cose che conosce!<\/p>\n<p><strong>Pulcino<\/strong>: la mia mamma \u00e8 il mio mondo. Mi piace stare tra le sue braccia, mi piace quando mi da i bacini, quando mi abbraccia. Io e la mia mamma siamo una cosa sola: io sono il suo piccolino! Ho trovato un sistema per stare sempre con lei: la notte, quando tutti dormono, io la sveglio per ciucciare il suo latte e ci metto tanto, mi arrabbio se cerca di rimettermi nel lettino prima del tempo. La prendo per sfinimento: lei si addormenta mentre mi allatta ed io me ne sto tutto felice e contento con la mia mamma, abbracciato a lei.<br \/>\nIn fondo \u00e8 cos\u00ec che va il mondo per noi poppanti: noi siamo la mente e le mamme il braccio. Noi pensiamo e loro eseguono. Anche se, ultimamente, mi sembra che forse la mia mamma non sia parte di me, ma una persona a s\u00e8. Dite che sia proprio cos\u00ec? Uhm&#8230; Che ansia&#8230; Quindi siamo esseri separati?<br \/>\nNo, da, non pu\u00f2 essere&#8230;<\/p>\n<p><strong><img loading=\"lazy\" class=\"alignright size-medium wp-image-696\" src=\"http:\/\/www.puntoevirgolamamma.it\/wp-content\/uploads\/2016\/04\/image-300x300.jpeg\" alt=\"image\" width=\"300\" height=\"300\" srcset=\"http:\/\/www.puntoevirgolamamma.it\/wp-content\/uploads\/2016\/04\/image-300x300.jpeg 300w, http:\/\/www.puntoevirgolamamma.it\/wp-content\/uploads\/2016\/04\/image-150x150.jpeg 150w, http:\/\/www.puntoevirgolamamma.it\/wp-content\/uploads\/2016\/04\/image-768x768.jpeg 768w, http:\/\/www.puntoevirgolamamma.it\/wp-content\/uploads\/2016\/04\/image-1024x1024.jpeg 1024w, http:\/\/www.puntoevirgolamamma.it\/wp-content\/uploads\/2016\/04\/image-50x50.jpeg 50w, http:\/\/www.puntoevirgolamamma.it\/wp-content\/uploads\/2016\/04\/image.jpeg 1600w\" sizes=\"(max-width: 300px) 100vw, 300px\" \/>2 &#8211; Cosa pensi del suo blog?<br \/>\nPolpetta<\/strong>: mi annoio a fare le foto per il suo blog. Meno male che ha capito che \u00e8 meglio se mi fa le foto di sorpresa, quando sono impegnato a fare dell&#8217;altro.<\/p>\n<p><strong>Pulcino<\/strong>: ma non era il mio blog? Ha iniziato a scrivere mentre ero nella sua pancia e di solito scrive mentre mi allatta. Pensavo di essere io la mente e lei il braccio&#8230;<\/p>\n<p><strong>3 &#8211; Cosa vorresti di pi\u00f9 da lei?<br \/>\nPolpetta<\/strong>: voglio stare sempre con lei, lei \u00e8 la mia mamma e le voglio bene.<br \/>\nStiamo tanto insieme, ma io voglio stare con lei per sempre. E poi vorrei che potesse raccontarmi le storie in ogni momento: a volte si ferma perch\u00e9 dice che ha bisogno di riposarsi, ma a me piacciono tanto le favole&#8230;<br \/>\nMi diverto quando mi racconta le favole: a volte le legge, a volte se le inventa. Ne inventa di carine!<\/p>\n<p><strong>Pulcino<\/strong>: non saprei&#8230; Al momento siamo una cosa sola, sono davvero appagato.<\/p>\n<p><strong>4 &#8211; Cosa non sopporti di lei?<br \/>\nPolpetta<\/strong>: non mi piace quando non mi fa fare quello che voglio io, ma mi da le regoline. In quei momenti mi arrabbio tanto, anzi tantissimo!<\/p><!--CusRndVi-->\n<p><strong>Pulcino<\/strong>: mi arrabbio quando io la vorrei subito da me e piango. Lei di solito \u00e8 impegnata a fare qualcosa: interrompe quello che sta facendo e mi consola, ma poi ritorna a fare quello che stava facendo e io non voglio. Allora piango e lei mi chiede di portare pazienza, ma io non ne ho e piango finch\u00e9 non capitola e mi infila nella fascia portabimbi: allora io sono appagato e lei prosegue a fare le sue cose.<\/p>\n<p><strong>5 &#8211; Cosa scriveresti su di lei se avessi un tuo blog?<br \/>\nPolpetta<\/strong>: racconterei di quando, per farmi addormentare, mi racconta la storia della Nuvola grigia, una storia che ha inventato per me. Oppure racconterei di quando mi porta a trovare le mucche e ci fermiamo ad osservare la natura.<br \/>\nRacconterei delle cose speciali che facciamo insieme.<\/p>\n<p><strong>Pulcino<\/strong>: racconterei dei nostri momenti insieme. Racconterei di quando riesce a capire i miei bisogni e mi sento appagato. Racconterei delle canzoni che mi canta e delle volte che ridiamo insieme facendo il gioco cel cuc\u00f9.<\/p>\n<p><strong><img loading=\"lazy\" class=\"alignright size-medium wp-image-697\" src=\"http:\/\/www.puntoevirgolamamma.it\/wp-content\/uploads\/2016\/04\/image2-300x300.jpeg\" alt=\"image2\" width=\"300\" height=\"300\" srcset=\"http:\/\/www.puntoevirgolamamma.it\/wp-content\/uploads\/2016\/04\/image2-300x300.jpeg 300w, http:\/\/www.puntoevirgolamamma.it\/wp-content\/uploads\/2016\/04\/image2-150x150.jpeg 150w, http:\/\/www.puntoevirgolamamma.it\/wp-content\/uploads\/2016\/04\/image2-768x768.jpeg 768w, http:\/\/www.puntoevirgolamamma.it\/wp-content\/uploads\/2016\/04\/image2-1024x1024.jpeg 1024w, http:\/\/www.puntoevirgolamamma.it\/wp-content\/uploads\/2016\/04\/image2-50x50.jpeg 50w, http:\/\/www.puntoevirgolamamma.it\/wp-content\/uploads\/2016\/04\/image2.jpeg 1080w\" sizes=\"(max-width: 300px) 100vw, 300px\" \/>6 &#8211; Qual \u00e8 il momento che condividi con lei che ami di pi\u00f9?<br \/>\nPolpetta<\/strong>: la sera, pap\u00e0 e mamma e Pulcino si raccolgono accanto a me, per le storie della buona notte, poi la mia mamma resta con me per una coccola speciale, io e lei soli. Amo stare con lei, e un momento bellissimo. Ogni volta le chiedo se resta con me tutta la notte, ma mi dice che non pu\u00f2. Prima o poi la convincer\u00f2&#8230;<\/p>\n<p><strong>Pulcino<\/strong>: io adoro quando mi allatta. \u00c8 un momento di coccola speciale solo per me: siamo io e la mamma e nessun altro. Il ciuccio il latte e lei mi stringe a s\u00e8, a volte mi bacia sulla fronte, mentre io amo accarezzarla con la mia manina.<\/p>\n<p><strong>7 &#8211; Dai un consiglio alla tua mamma<br \/>\nPolpetta<\/strong>: cara mamma, visto che hai deciso di ritornare un po&#8217; in forma dopo la gravidanza, perch\u00e9 quando mi porti a correre con la bicicletta non corri con me? Potrebbe essere una bella idea: giocheremmo insieme e tu torneresti in forma!<\/p>\n<p><strong>Pulcino<\/strong>: cara mamma, lo so che ti faccio dormire poco la notte, ma per sentirti pi\u00f9 riposata potresti andare a letto prima, la sera, anzich\u00e9 dormire sul divano mentre pap\u00e0 fa zapping!<\/p>\n<p><strong>8 &#8211; Dedica una canzone alla tua mamma<br \/>\nPolpetta<\/strong>: &#8220;Play, minstrel play&#8221; dei Blackmore&#8217;s night perch\u00e9 l&#8217;abbiamo cantata e suonata insieme tantissimo! A volte mi faceva ascoltare il cd ed io facevo per lei lo spettacolo cantando con il microfono, come un vero cantante e lei doveva guardarmi ed applaudire al momento giusto.<\/p>\n<p><strong>Pulcino<\/strong>: &#8220;I&#8217;ve got you babe&#8221; di Sonny&amp;Cher nella versione dei Blackmore&#8217;s night. \u00c8 la canzone del cd che le ha regalato pap\u00e0 ad ottobre per il suo compleanno. In quel periodo abbiamo iniziato la nostra routine del bagnetto ascoltando la musica e quando finalmente sono vestito si sente questa canzone. Allora la mamma mi prende in braccio e canta per me, mentre balliamo insieme: io rido cos\u00ec tanto!<\/p>\n<p><strong>9 &#8211; Quale post del blog della tua mamma pensate abbia pi\u00f9 valore?<br \/>\n<\/strong>&#8220;L&#8217;amore non si divide&#8221; \u00e8 il post in cui la mamma ha capito che anche se siamo in due l&#8217;amore che prova per noi non si \u00e8 diviso tra di noi, ma si \u00e8 moltiplicato. (<a href=\"http:\/\/scintilledigioia.blogspot.it\/2015\/07\/lamore-non-si-divide.html\">http:\/\/scintilledigioia.blogspot.it\/2015\/07\/lamore-non-si-divide.html<\/a>)<\/p>\n<p><strong>10 &#8211; Tre regali da chiedere a Babbo Natale per la tua mamma<br \/>\nPulcino<\/strong>: Chiederemmo a Babbo Natale una macchina del tempo, per permetterle di fermare il tempo nei momenti pi\u00f9 belli che viviamo insieme (e regalare del tempo per dormire un po&#8217;, visto che io non la faccio dormire da mesi)<\/p>\n<p><strong>Polpetta<\/strong>: un trattamento di bellezza in beauty farm, visto che non le lasciamo tanto tempo per occuparsi di s\u00e8 stessa, anzi, se possiamo la seguiamo in bagno privandola della sua privacy e se chiude la porta, le parlo attraverso mentre lei fa non so cosa&#8230;<br \/>\nE una cucina nuova, visto che la nostra, una cucina di recupero, \u00e8 ormai vecchia.<\/p>\n<p><strong>11 &#8211; Descrivete la vostra mamma in tre parole<br \/>\n<\/strong>Dolce, assonnata e allegra!<\/p>\n<p>Potete trovare Polpetta, Pulcino, e la loro mamma Silvia Fanio qui:<br \/>\n&#8211; <a href=\"https:\/\/scintilledigioia.blogspot.it\/\">Scintille di Gioia<\/a><br \/>\n&#8211; <a href=\"https:\/\/www.facebook.com\/Scintilledigioia\/\">Scintille di Gioia su Facebook<\/a><br \/>\n&#8211; <a href=\"https:\/\/mobile.twitter.com\/silvia_fanio\">Scintille di Gioia su Twitter<\/a><br \/>\n&#8211; <a href=\"https:\/\/www.instagram.com\/silviaglimmer\/\">Scintille di Gioia su Instagram<\/a><\/p>\n<p>Per partecipare all\u2019iniziativa <strong>\u201cOra parlano i figli\u201d su Punto e Virgola Mamma<\/strong>, scrivetemi su info@puntoevirgolamamma.it<\/p>\n<p>Chiara<\/p>\n\n<div style=\"font-size: 0px; height: 0px; line-height: 0px; margin: 0; padding: 0; clear: both;\"><\/div>","protected":false},"excerpt":{"rendered":"<p>Nuova intervista su Punto e Virgola Mamma! Questa volta parlano Polpetta e Pulcino, direttamente dal blog Scintille di Gioia. Polpetta \u00e8 un bambino di quattro anni. \u0116 dolce e coccolone e dispensa abbracci, baci e sorrisi a tutti. \u00c8 un sognatore che ama le favole ed ha una fervida immaginazione. Curioso osservatore del mondo, ha [&#8230;]<\/p>\n","protected":false},"author":1,"featured_media":699,"comment_status":"open","ping_status":"open","sticky":false,"template":"","format":"standard","meta":[],"categories":[219],"tags":[215,98,230],"_links":{"self":[{"href":"http:\/\/www.puntoevirgolamamma.it\/index.php\/wp-json\/wp\/v2\/posts\/693"}],"collection":[{"href":"http:\/\/www.puntoevirgolamamma.it\/index.php\/wp-json\/wp\/v2\/posts"}],"about":[{"href":"http:\/\/www.puntoevirgolamamma.it\/index.php\/wp-json\/wp\/v2\/types\/post"}],"author":[{"embeddable":true,"href":"http:\/\/www.puntoevirgolamamma.it\/index.php\/wp-json\/wp\/v2\/users\/1"}],"replies":[{"embeddable":true,"href":"http:\/\/www.puntoevirgolamamma.it\/index.php\/wp-json\/wp\/v2\/comments?post=693"}],"version-history":[{"count":2,"href":"http:\/\/www.puntoevirgolamamma.it\/index.php\/wp-json\/wp\/v2\/posts\/693\/revisions"}],"predecessor-version":[{"id":698,"href":"http:\/\/www.puntoevirgolamamma.it\/index.php\/wp-json\/wp\/v2\/posts\/693\/revisions\/698"}],"wp:featuredmedia":[{"embeddable":true,"href":"http:\/\/www.puntoevirgolamamma.it\/index.php\/wp-json\/wp\/v2\/media\/699"}],"wp:attachment":[{"href":"http:\/\/www.puntoevirgolamamma.it\/index.php\/wp-json\/wp\/v2\/media?parent=693"}],"wp:term":[{"taxonomy":"category","embeddable":true,"href":"http:\/\/www.puntoevirgolamamma.it\/index.php\/wp-json\/wp\/v2\/categories?post=693"},{"taxonomy":"post_tag","embeddable":true,"href":"http:\/\/www.puntoevirgolamamma.it\/index.php\/wp-json\/wp\/v2\/tags?post=693"}],"curies":[{"name":"wp","href":"https:\/\/api.w.org\/{rel}","templated":true}]}}