{"id":678,"date":"2016-04-16T16:45:18","date_gmt":"2016-04-16T14:45:18","guid":{"rendered":"http:\/\/www.puntoevirgolamamma.it\/?p=678"},"modified":"2016-04-16T16:45:18","modified_gmt":"2016-04-16T14:45:18","slug":"adenoidi-nei-bambini-sintomi-cure-ed-intervento","status":"publish","type":"post","link":"http:\/\/www.puntoevirgolamamma.it\/index.php\/2016\/04\/16\/adenoidi-nei-bambini-sintomi-cure-ed-intervento\/","title":{"rendered":"Adenoidi nei bambini: sintomi, cure ed intervento"},"content":{"rendered":"<!--CusAdsVi1--><p>Quando un bambino respira male, ha secrezioni nasali abbondanti, respira a bocca aperta e ha frequenti disturbi e infiammazioni, pu\u00f2 essere per via delle <strong>adenoidi<\/strong>, organi immunitari che si trovano in fondo al naso, nel rinofaringe.<br \/>\nEsse sono costituite da un tessuto linfatico con il compito di produrre anticorpi per difendere il bambino dalle infezioni respiratorie, si ingrandiscono durante l&#8217;et\u00e0 pediatrica per poi regredire intorno ai 9 o 10 anni.<br \/>\n<img loading=\"lazy\" class=\"alignright size-medium wp-image-681\" src=\"http:\/\/www.puntoevirgolamamma.it\/wp-content\/uploads\/2016\/04\/adenoidi-bambini-300x214.jpg\" alt=\"\" width=\"300\" height=\"214\" srcset=\"http:\/\/www.puntoevirgolamamma.it\/wp-content\/uploads\/2016\/04\/adenoidi-bambini-300x214.jpg 300w, http:\/\/www.puntoevirgolamamma.it\/wp-content\/uploads\/2016\/04\/adenoidi-bambini.jpg 600w\" sizes=\"(max-width: 300px) 100vw, 300px\" \/>Se le <strong>adenoidi<\/strong> crescono troppo si va incontro ad una <strong>ipertrofia adenoidea<\/strong>, che pu\u00f2 portare il bambino ad avere diversi disturbi, a<strong> respirare male<\/strong> ed essere soggetto ad abbondanti <strong>secrezioni nasali<\/strong>, in quanto le adenoidi ostruiscono le fosse nasali. Questo tipo di problema pu\u00f2 riversarsi anche sull&#8217;orecchio medio, in cui le adenoidi possono comprimere le tube di Eustacchio e causare un accumulo di catarro, provocando un <strong>calo dell&#8217;udito<\/strong>.<br \/>\nSolitamente in et\u00e0 pediatrica risulta difficile dare una diagnosi certa, in quanto non \u00e8 facile visualizzare le adenoidi, per questo i dottori si basano pi\u00f9 che altro sui sintomi del bambino.<br \/>\nLe <strong>adenoidi<\/strong> possono, inoltre, infiammarsi a causa di un gonfiore delle mucose nasali provocati da una <strong>rinite allergica<\/strong> o da altre <strong>infezioni di tipo batterico e virale<\/strong>, per questo motivo \u00e8 opportuno analizzare con precisione tutti i sintomi e confermare la diagnosi con una endoscopia nasale prima di effettuare un intervento.<br \/>\n<strong>L&#8217;infiammazione delle adenoidi<\/strong> viene classificata in base all&#8217;ostruzione del rinofaringe:<br \/>\nGrado 0: nessuna ostruzione<br \/>\nGrado 1: ostruzione inferiore al 25%<br \/>\nGrado 2: tra il 25% e il 50%<br \/>\nGrado 3: tra il 50% e il 75%<br \/>\nGrado 4: ostruzione completa<br \/>\nSe i disturbi causati dalle adenoidi aumentano di intensit\u00e0 e diventano fastidiosi allora bisogna effettuare un <strong>intervento di adenoidectomia<\/strong>.<br \/>\nQuesto intervento pu\u00f2 essere eseguito in due modi. Il primo metodo \u00e8 l&#8217;intervento normale effettuato attraverso la bocca, che consiste nel passare l&#8217;adenotomo dietro l&#8217;ugola per raschiare la parte posteriore del rinofaringe. Il secondo metodo consiste nell&#8217;inserimento di un endoscopio attraverso il naso per l&#8217;esportazione delle adenoidi. La prima tecnica \u00e8 molto pi\u00f9 efficace.<br \/>\nPer effettuare l&#8217;intervento, che solitamente dura al massimo un quarto d&#8217;ora, viene praticata <strong>l&#8217;anestesia generale<\/strong>, vista l&#8217;et\u00e0 del bambino. Il piccolo, per\u00f2, gi\u00e0 in serata star\u00e0 bene e potr\u00e0 mangiare cibi semisolidi e freddi.<br \/>\nL&#8217;unico disturbo potrebbe essere il mal d&#8217;orecchie.<br \/>\nAlcuni metodi che possono alleviare i disturbi e magari evitare di arrivare all&#8217;intervento possono essere i frequenti <strong>lavaggi nasali<\/strong>, le <strong>terapie con mucolitici, cortisonici e antibiotici<\/strong> per via aerosolica, e portare il bambino molto spesso al <strong>mare<\/strong>.<br \/>\nIn ogni caso \u00e8 opportuno far controllare frequentemente il piccolo dal proprio medico.<\/p><!--CusRndVi-->\n<p>Chiara<\/p>\n\n<div style=\"font-size: 0px; height: 0px; line-height: 0px; margin: 0; padding: 0; clear: both;\"><\/div>","protected":false},"excerpt":{"rendered":"<p>Quando un bambino respira male, ha secrezioni nasali abbondanti, respira a bocca aperta e ha frequenti disturbi e infiammazioni, pu\u00f2 essere per via delle adenoidi, organi immunitari che si trovano in fondo al naso, nel rinofaringe. Esse sono costituite da un tessuto linfatico con il compito di produrre anticorpi per difendere il bambino dalle infezioni [&#8230;]<\/p>\n","protected":false},"author":1,"featured_media":681,"comment_status":"open","ping_status":"open","sticky":false,"template":"","format":"standard","meta":[],"categories":[121],"tags":[227,22,123],"_links":{"self":[{"href":"http:\/\/www.puntoevirgolamamma.it\/index.php\/wp-json\/wp\/v2\/posts\/678"}],"collection":[{"href":"http:\/\/www.puntoevirgolamamma.it\/index.php\/wp-json\/wp\/v2\/posts"}],"about":[{"href":"http:\/\/www.puntoevirgolamamma.it\/index.php\/wp-json\/wp\/v2\/types\/post"}],"author":[{"embeddable":true,"href":"http:\/\/www.puntoevirgolamamma.it\/index.php\/wp-json\/wp\/v2\/users\/1"}],"replies":[{"embeddable":true,"href":"http:\/\/www.puntoevirgolamamma.it\/index.php\/wp-json\/wp\/v2\/comments?post=678"}],"version-history":[{"count":1,"href":"http:\/\/www.puntoevirgolamamma.it\/index.php\/wp-json\/wp\/v2\/posts\/678\/revisions"}],"predecessor-version":[{"id":682,"href":"http:\/\/www.puntoevirgolamamma.it\/index.php\/wp-json\/wp\/v2\/posts\/678\/revisions\/682"}],"wp:featuredmedia":[{"embeddable":true,"href":"http:\/\/www.puntoevirgolamamma.it\/index.php\/wp-json\/wp\/v2\/media\/681"}],"wp:attachment":[{"href":"http:\/\/www.puntoevirgolamamma.it\/index.php\/wp-json\/wp\/v2\/media?parent=678"}],"wp:term":[{"taxonomy":"category","embeddable":true,"href":"http:\/\/www.puntoevirgolamamma.it\/index.php\/wp-json\/wp\/v2\/categories?post=678"},{"taxonomy":"post_tag","embeddable":true,"href":"http:\/\/www.puntoevirgolamamma.it\/index.php\/wp-json\/wp\/v2\/tags?post=678"}],"curies":[{"name":"wp","href":"https:\/\/api.w.org\/{rel}","templated":true}]}}