{"id":646,"date":"2016-03-25T14:33:56","date_gmt":"2016-03-25T13:33:56","guid":{"rendered":"http:\/\/www.puntoevirgolamamma.it\/?p=646"},"modified":"2016-03-25T14:33:56","modified_gmt":"2016-03-25T13:33:56","slug":"ora-parlano-i-figli-intervista-alla-piccola-flower-dal-blog-io-e-flower","status":"publish","type":"post","link":"http:\/\/www.puntoevirgolamamma.it\/index.php\/2016\/03\/25\/ora-parlano-i-figli-intervista-alla-piccola-flower-dal-blog-io-e-flower\/","title":{"rendered":"Ora parlano i figli: intervista alla piccola Flower, dal blog Io e Flower"},"content":{"rendered":"<!--CusAdsVi1--><p>Su <strong>Punto e Virgola Mamma<\/strong> \u00e8 tempo di far parlare i bambini.<br \/>\nIniziamo con <strong>Flower<\/strong>, cinque mesi e un sacco di guance!<\/p>\n<p><em><br \/>\n<strong>1 &#8211; Ciao piccola Flower, cosa pensi della tua mamma?<\/strong><\/em><br \/>\nLei \u00e8 carina, mi da un sacco di baci e mi legge un sacco di storie. \u00c8 simpatica quando canta le canzoncine&#8230; anche se non ha troppa fantasia per i giochi. Ogni tanto (vabe no, in realt\u00e0 molto spesso) mi chiede se le voglio bene, io glielo dico sempre che si fa troppe paturnie, e mi sembra di dirglielo chiaramente. Ma mi sa che non ha capito ancora, s\u00ec, mi sa che mamma \u00e8 un po&#8217; tonta!<\/p>\n<p><strong><em>2 &#8211; Cosa pensi del suo blog?<\/em><\/strong><br \/>\nUh, \u00e8 impazzita adesso con questo blog e molto probabilmente quando imparer\u00f2 a leggere la odier\u00f2!!<\/p>\n<p><strong><em>3 &#8211; Cosa vorresti di pi\u00f9 da lei?<\/em><\/strong><br \/>\nMeno baci pi\u00f9 tette!<\/p>\n<p><strong><em>4 &#8211; Cosa non sopporti di lei?<\/em><\/strong><br \/>\nNon ho mai sopportato quando ero in pancia e lei mi ha costretto a rivedere tutte\u00a0 e 12 le serie di grey&#8217;s anatomy. E poi piangeva! Ma io dico, che lo vedi a fare se poi piangi come una fontana?!<\/p>\n<p><strong><em>5 &#8211; Cosa scriveresti su di lei se avessi un tuo blog?<\/em><\/strong><br \/>\nMeno baci pi\u00f9 tette! Sono la donna degli slogan, credo mi candider\u00f2 in politica da grande. Qualcosa mi dice che quelli come pap\u00e0 mo voterebbero&#8230;.<\/p>\n<p><strong><em>6 &#8211; Qual \u00e8 il momenti che condividi con lei che ami di pi\u00f9?<\/em><\/strong><br \/>\nPrima della nanna quando mi dondola dolcemente e mi canta Buonanotte Fiorellino con le parole inventate. L\u00ec mi sento ancora come se fossi nella sua pancia al calduccio!<\/p>\n<p><strong><em>7 &#8211; Dai un consiglio alla tua mamma<\/em><\/strong><br \/>\nA m\u00e0, meno paranoie. Ah, e si, \u00e8 buono il lattuccio ma non ti dimenticare che prima o poi voglio assaggiare i bucatini all&#8217;amatriciana di pap\u00e0!<\/p>\n<p><strong><em>8 &#8211; Dedica una canzone alla tua mamma<\/em><\/strong><br \/>\nQuella che lei dedicava a me: A modo tuo di Elisa<\/p><!--CusRndVi-->\n<p><strong><em>9 &#8211; Quale post del blog della tua mamma pensi abbia pi\u00f9 valore?<\/em><\/strong><br \/>\nSicuramente quelli che dedica al pap\u00e0, si vede che sono scritti con amore!<\/p>\n<p><strong><em>10 &#8211; Tre regali da chiedere a Babbo Natale per la tua mamma<\/em><\/strong><br \/>\nAvere i nonni pi\u00f9 spesso vicino a lei, si vede che le pesano tutti quei chilometri e poi tanta nutella che non faccia ingrassare e io che imparo a dire &#8220;mamma&#8221;. Si, credo che per Natale prossimo ci riuscir\u00f2!<\/p>\n<p><strong><em>11 &#8211; Descrivi la tua mamma in tre parole<\/em><\/strong><br \/>\nPallosa, baciosa e petalosa. Ma non potevo chiedere di meglio!<\/p>\n<p>&nbsp;<\/p>\n<p><img loading=\"lazy\" class=\"alignright size-medium wp-image-647\" src=\"http:\/\/www.puntoevirgolamamma.it\/wp-content\/uploads\/2016\/03\/Io-e-Flower-300x300.jpg\" alt=\"Io e Flower\" width=\"300\" height=\"300\" srcset=\"http:\/\/www.puntoevirgolamamma.it\/wp-content\/uploads\/2016\/03\/Io-e-Flower-300x300.jpg 300w, http:\/\/www.puntoevirgolamamma.it\/wp-content\/uploads\/2016\/03\/Io-e-Flower-150x150.jpg 150w, http:\/\/www.puntoevirgolamamma.it\/wp-content\/uploads\/2016\/03\/Io-e-Flower-768x768.jpg 768w, http:\/\/www.puntoevirgolamamma.it\/wp-content\/uploads\/2016\/03\/Io-e-Flower-1024x1024.jpg 1024w, http:\/\/www.puntoevirgolamamma.it\/wp-content\/uploads\/2016\/03\/Io-e-Flower-50x50.jpg 50w, http:\/\/www.puntoevirgolamamma.it\/wp-content\/uploads\/2016\/03\/Io-e-Flower.jpg 1440w\" sizes=\"(max-width: 300px) 100vw, 300px\" \/>Per conoscere il magico mondo della piccola Flower e della sua mamma Laura Riccobono potete seguirle su tutti i social network e sul bellissimo blog:<\/p>\n<ul>\n<li><a href=\"http:\/\/www.ioeflower.it\/\">Io e Flower<\/a><\/li>\n<li><a href=\"https:\/\/www.facebook.com\/ioeflower?_rdr\">Io e Flower su Facebook<\/a><\/li>\n<li><a href=\"https:\/\/www.instagram.com\/laurariccobono\/\">Io e Flower su Instagram<\/a><\/li>\n<li><a href=\"https:\/\/twitter.com\/laurariccobono\">Io e Flower su Twitter<\/a><\/li>\n<\/ul>\n<p>&nbsp;<\/p>\n<p>&nbsp;<\/p>\n<p>&nbsp;<\/p>\n<p>Per partecipare all&#8217;iniziativa <strong>&#8220;Ora parlano i figli&#8221; su Punto e Virgola Mamma<\/strong>, scrivetemi su info@puntoevirgolamamma.it<\/p>\n<p>Chiara<\/p>\n\n<div style=\"font-size: 0px; height: 0px; line-height: 0px; margin: 0; padding: 0; clear: both;\"><\/div>","protected":false},"excerpt":{"rendered":"<p>Su Punto e Virgola Mamma \u00e8 tempo di far parlare i bambini. Iniziamo con Flower, cinque mesi e un sacco di guance! 1 &#8211; Ciao piccola Flower, cosa pensi della tua mamma? Lei \u00e8 carina, mi da un sacco di baci e mi legge un sacco di storie. \u00c8 simpatica quando canta le canzoncine&#8230; anche [&#8230;]<\/p>\n","protected":false},"author":1,"featured_media":647,"comment_status":"open","ping_status":"open","sticky":false,"template":"","format":"standard","meta":[],"categories":[1],"tags":[220,215],"_links":{"self":[{"href":"http:\/\/www.puntoevirgolamamma.it\/index.php\/wp-json\/wp\/v2\/posts\/646"}],"collection":[{"href":"http:\/\/www.puntoevirgolamamma.it\/index.php\/wp-json\/wp\/v2\/posts"}],"about":[{"href":"http:\/\/www.puntoevirgolamamma.it\/index.php\/wp-json\/wp\/v2\/types\/post"}],"author":[{"embeddable":true,"href":"http:\/\/www.puntoevirgolamamma.it\/index.php\/wp-json\/wp\/v2\/users\/1"}],"replies":[{"embeddable":true,"href":"http:\/\/www.puntoevirgolamamma.it\/index.php\/wp-json\/wp\/v2\/comments?post=646"}],"version-history":[{"count":4,"href":"http:\/\/www.puntoevirgolamamma.it\/index.php\/wp-json\/wp\/v2\/posts\/646\/revisions"}],"predecessor-version":[{"id":653,"href":"http:\/\/www.puntoevirgolamamma.it\/index.php\/wp-json\/wp\/v2\/posts\/646\/revisions\/653"}],"wp:featuredmedia":[{"embeddable":true,"href":"http:\/\/www.puntoevirgolamamma.it\/index.php\/wp-json\/wp\/v2\/media\/647"}],"wp:attachment":[{"href":"http:\/\/www.puntoevirgolamamma.it\/index.php\/wp-json\/wp\/v2\/media?parent=646"}],"wp:term":[{"taxonomy":"category","embeddable":true,"href":"http:\/\/www.puntoevirgolamamma.it\/index.php\/wp-json\/wp\/v2\/categories?post=646"},{"taxonomy":"post_tag","embeddable":true,"href":"http:\/\/www.puntoevirgolamamma.it\/index.php\/wp-json\/wp\/v2\/tags?post=646"}],"curies":[{"name":"wp","href":"https:\/\/api.w.org\/{rel}","templated":true}]}}