{"id":462,"date":"2015-12-18T12:23:17","date_gmt":"2015-12-18T11:23:17","guid":{"rendered":"http:\/\/www.puntoevirgolamamma.it\/?p=462"},"modified":"2015-12-18T12:23:17","modified_gmt":"2015-12-18T11:23:17","slug":"la-prima-recita-di-mia-figlia","status":"publish","type":"post","link":"http:\/\/www.puntoevirgolamamma.it\/index.php\/2015\/12\/18\/la-prima-recita-di-mia-figlia\/","title":{"rendered":"La prima recita di mia figlia"},"content":{"rendered":"<!--CusAdsVi1--><p>Ieri ho provato <strong>un&#8217;emozione nuova<\/strong> per la prima volta.<br \/>\nNon avrei mai creduto di emozionarmi fino alle lacrime, ma \u00e8 successo, ed \u00e8 stata una bellissima sensazione, mai provata prima.<br \/>\nTutto questo grazie alla mia bambina e alla sua<strong> prima recita all&#8217;asilo<\/strong>.<br \/>\n<a href=\"http:\/\/www.puntoevirgolamamma.it\/index.php\/2015\/12\/18\/la-prima-recita-di-mia-figlia\/poesia-di-natale\/#main\" rel=\"attachment wp-att-478\"><img loading=\"lazy\" class=\"alignright size-medium wp-image-478\" src=\"http:\/\/www.puntoevirgolamamma.it\/wp-content\/uploads\/2015\/12\/poesia-di-Natale-300x228.jpg\" alt=\"poesia di Natale\" width=\"300\" height=\"228\" srcset=\"http:\/\/www.puntoevirgolamamma.it\/wp-content\/uploads\/2015\/12\/poesia-di-Natale-300x228.jpg 300w, http:\/\/www.puntoevirgolamamma.it\/wp-content\/uploads\/2015\/12\/poesia-di-Natale.jpg 600w\" sizes=\"(max-width: 300px) 100vw, 300px\" \/><\/a>Non trovo le parole per descrivere la giornata stupenda che abbiamo passato, e che per me \u00e8 valsa pi\u00f9 di tutto. Era troppo tempo che aspettavo una giornata cos\u00ec emozionante, era troppo tempo che aspettavo di incontrare persone cos\u00ec speciali e di vedere mia figlia cos\u00ec felice.<br \/>\nCon la sua maglietta bianca, i suoi leggings rossi, le sue codine e il gonnellino preparato dalle maestre, <strong>Sofia era proprio una piccola grande donna su quel palco<\/strong>. Emozionata, ma precisa e bravissima.<br \/>\nTra un balletto, una canzone di Natale, ed una poesia che ormai sapevo a memoria anche io, le lacrime sono scese con una naturalezza unica. Ed io amo piangere di felicit\u00e0.<br \/>\nMi aspettavo di tutto, pensavo che si dimenticasse qualcosa, che si agitasse alla vista di tutte quelle persone davanti a lei, che andasse nel panico o che scoppiasse a piangere. Invece, mi ha stupita. E&#8217; partita con il suo balletto sfrenato, senza sbagliare nulla, seguendo per filo e per segno quello che le aveva insegnato la sua maestra.<br \/>\nE&#8217; stata bravissima, e mi ha resa cos\u00ec orgogliosa che non potevo non condividerlo con tutti. Lei e i suoi amici si sono divertiti ed emozionati salendo su un palco per la prima volta e sono stati tutti super bravi!<br \/>\nNoi mamme abbiamo pianto, ci siamo emozionate, abbiamo riso. E cos\u00ec anche i pap\u00e0. E si \u00e8 creata un&#8217;atmosfera magica e natalizia, che ci ha riuniti tutti per far stare insieme i bambini, e che ha fatto divertire anche noi.<br \/>\nE&#8217; stata una giornata unica, per piccoli e grandi. <strong>Una giornata davvero indimenticabile<\/strong>.<br \/>\nPoi una bella merenda tutti insieme in gelateria per festeggiare, e i piccoli erano pronti per il laboratorio di disegno, che Sofia ama tantissimo frequentare.<br \/>\nIeri ho guardato mia figlia mentre ballava e l&#8217;ho vista<strong> ancora pi\u00f9 grande<\/strong> del solito. Grande, indipendente e piena di amici. E questo mi ha resa incredibilmente orgogliosa.<br \/>\nLe ore a casa ad allenarci con la sua prima poesia studiata a memoria hanno avuto gli effetti desiderati.<br \/>\nEd ora la poesia la so a memoria anche io, e mi ricorder\u00e0 sempre questo<strong> momento speciale<\/strong>, questo Natale magico.<\/p><!--CusRndVi-->\n<p>Chiara<\/p>\n\n<div style=\"font-size: 0px; height: 0px; line-height: 0px; margin: 0; padding: 0; clear: both;\"><\/div>","protected":false},"excerpt":{"rendered":"<p>Ieri ho provato un&#8217;emozione nuova per la prima volta. Non avrei mai creduto di emozionarmi fino alle lacrime, ma \u00e8 successo, ed \u00e8 stata una bellissima sensazione, mai provata prima. Tutto questo grazie alla mia bambina e alla sua prima recita all&#8217;asilo. Non trovo le parole per descrivere la giornata stupenda che abbiamo passato, e [&#8230;]<\/p>\n","protected":false},"author":1,"featured_media":478,"comment_status":"open","ping_status":"open","sticky":false,"template":"","format":"standard","meta":[],"categories":[1],"tags":[38,18,171],"_links":{"self":[{"href":"http:\/\/www.puntoevirgolamamma.it\/index.php\/wp-json\/wp\/v2\/posts\/462"}],"collection":[{"href":"http:\/\/www.puntoevirgolamamma.it\/index.php\/wp-json\/wp\/v2\/posts"}],"about":[{"href":"http:\/\/www.puntoevirgolamamma.it\/index.php\/wp-json\/wp\/v2\/types\/post"}],"author":[{"embeddable":true,"href":"http:\/\/www.puntoevirgolamamma.it\/index.php\/wp-json\/wp\/v2\/users\/1"}],"replies":[{"embeddable":true,"href":"http:\/\/www.puntoevirgolamamma.it\/index.php\/wp-json\/wp\/v2\/comments?post=462"}],"version-history":[{"count":4,"href":"http:\/\/www.puntoevirgolamamma.it\/index.php\/wp-json\/wp\/v2\/posts\/462\/revisions"}],"predecessor-version":[{"id":481,"href":"http:\/\/www.puntoevirgolamamma.it\/index.php\/wp-json\/wp\/v2\/posts\/462\/revisions\/481"}],"wp:featuredmedia":[{"embeddable":true,"href":"http:\/\/www.puntoevirgolamamma.it\/index.php\/wp-json\/wp\/v2\/media\/478"}],"wp:attachment":[{"href":"http:\/\/www.puntoevirgolamamma.it\/index.php\/wp-json\/wp\/v2\/media?parent=462"}],"wp:term":[{"taxonomy":"category","embeddable":true,"href":"http:\/\/www.puntoevirgolamamma.it\/index.php\/wp-json\/wp\/v2\/categories?post=462"},{"taxonomy":"post_tag","embeddable":true,"href":"http:\/\/www.puntoevirgolamamma.it\/index.php\/wp-json\/wp\/v2\/tags?post=462"}],"curies":[{"name":"wp","href":"https:\/\/api.w.org\/{rel}","templated":true}]}}