{"id":460,"date":"2015-12-07T15:47:58","date_gmt":"2015-12-07T14:47:58","guid":{"rendered":"http:\/\/www.puntoevirgolamamma.it\/?p=460"},"modified":"2015-12-07T15:47:58","modified_gmt":"2015-12-07T14:47:58","slug":"punto-e-virgola-mamma-top-of-the-post-4","status":"publish","type":"post","link":"http:\/\/www.puntoevirgolamamma.it\/index.php\/2015\/12\/07\/punto-e-virgola-mamma-top-of-the-post-4\/","title":{"rendered":"Punto e Virgola Mamma: Top of the Post #4"},"content":{"rendered":"<!--CusAdsVi1--><p><a href=\"http:\/\/www.puntoevirgolamamma.it\/wp-content\/uploads\/2015\/09\/BannerTOPOFTHEPOSTDaMammaaMamma_zpsef8b4bd9.jpg\"><img loading=\"lazy\" class=\"alignright size-full wp-image-249\" src=\"http:\/\/www.puntoevirgolamamma.it\/wp-content\/uploads\/2015\/09\/BannerTOPOFTHEPOSTDaMammaaMamma_zpsef8b4bd9.jpg\" alt=\"BannerTOPOFTHEPOSTDaMammaaMamma_zpsef8b4bd9\" width=\"250\" height=\"98\" \/><\/a>Eccomi qui, pronta con il mio nuovo capitolo della classifica Top of the Post. Siamo arrivati al quarto appuntamento con i post della scorsa settimana che mi hanno colpito di pi\u00f9. Inutile dire che la scelta \u00e8 sempre molto difficile, e forse tre posizioni davvero non bastano, ma seguendo il mio istinto non ho potuto fare a meno di scegliere questi post.<\/p><!--CusRndVi-->\n<ol>\n<li>Il primo post che ho scelto \u00e8 di Mammarum, grazie a cui ho scoperto una bellissima iniziativa delle Poste Italiane. Mandando la famosa letterina a Babbo Natale, infatti, i nostri bambini potranno ricevere una risposta e un piccolo regalino. Noi corriamo ad imbucare la nostra letterina, e voi? (potete leggere il post <a href=\"http:\/\/www.mammarum.com\/2015\/12\/indirizzo-di-babbo-natale-letterina.html\"><strong>QUI<\/strong><\/a>)<\/li>\n<li>Cosa succede quando un figlio ti pone una domanda completamente inaspettata? Ce lo racconta il post di Sara, in cui svela la sua risposta alla domanda di sua figlia: &#8220;Mamma, sei felice?&#8221;. Il post, che potete leggere <a href=\"http:\/\/www.ascoltamicongliocchi.com\/mamma-sei-felice\/\"><strong>QUI<\/strong><\/a>, mi ha molto colpita, e mi ha fatto pensare a quando mia figlia sar\u00e0 un po&#8217; pi\u00f9 grande e mi far\u00e0 domande del genere, anche se ha gi\u00e0 iniziato ora a tre anni. Vi consiglio di leggerlo!<\/li>\n<li>Io ho una figlia, ha tre anni e si chiama Sofia. Ha realizzato il mio sogno, visto che desideravo tanto una femminuccia, ma tante volte, quando penso ad un secondo figlio, cerco di immaginare come sarebbe essere la mamma di un maschietto. Per questo ho scelto la descrizione della vita al maschile di Drusilla su Mamme nel Deserto (il post lo trovate <a href=\"http:\/\/www.mammeneldeserto.com\/blog\/2015\/12\/02\/avere-figli-maschi\/\"><strong>QUI<\/strong><\/a>), che mi ha molto emozionata.<\/li>\n<\/ol>\n<p>Se anche voi volete partecipare all\u2019iniziativa Top of the Post trovate le regole <a href=\"http:\/\/www.damammaamamma.net\/2014\/10\/nuovo-top-of-the-post-di-da-mamma-a-mamma.html\" data-slimstat-type=\"0\" data-slimstat-callback=\"true\" data-slimstat-tracking=\"true\">QUI<\/a>!<\/p>\n<p>Chiara<\/p>\n\n<div style=\"font-size: 0px; height: 0px; line-height: 0px; margin: 0; padding: 0; clear: both;\"><\/div>","protected":false},"excerpt":{"rendered":"<p>Eccomi qui, pronta con il mio nuovo capitolo della classifica Top of the Post. Siamo arrivati al quarto appuntamento con i post della scorsa settimana che mi hanno colpito di pi\u00f9. Inutile dire che la scelta \u00e8 sempre molto difficile, e forse tre posizioni davvero non bastano, ma seguendo il mio istinto non ho potuto [&#8230;]<\/p>\n","protected":false},"author":1,"featured_media":249,"comment_status":"open","ping_status":"open","sticky":false,"template":"","format":"standard","meta":[],"categories":[147],"tags":[165,66,96],"_links":{"self":[{"href":"http:\/\/www.puntoevirgolamamma.it\/index.php\/wp-json\/wp\/v2\/posts\/460"}],"collection":[{"href":"http:\/\/www.puntoevirgolamamma.it\/index.php\/wp-json\/wp\/v2\/posts"}],"about":[{"href":"http:\/\/www.puntoevirgolamamma.it\/index.php\/wp-json\/wp\/v2\/types\/post"}],"author":[{"embeddable":true,"href":"http:\/\/www.puntoevirgolamamma.it\/index.php\/wp-json\/wp\/v2\/users\/1"}],"replies":[{"embeddable":true,"href":"http:\/\/www.puntoevirgolamamma.it\/index.php\/wp-json\/wp\/v2\/comments?post=460"}],"version-history":[{"count":1,"href":"http:\/\/www.puntoevirgolamamma.it\/index.php\/wp-json\/wp\/v2\/posts\/460\/revisions"}],"predecessor-version":[{"id":461,"href":"http:\/\/www.puntoevirgolamamma.it\/index.php\/wp-json\/wp\/v2\/posts\/460\/revisions\/461"}],"wp:featuredmedia":[{"embeddable":true,"href":"http:\/\/www.puntoevirgolamamma.it\/index.php\/wp-json\/wp\/v2\/media\/249"}],"wp:attachment":[{"href":"http:\/\/www.puntoevirgolamamma.it\/index.php\/wp-json\/wp\/v2\/media?parent=460"}],"wp:term":[{"taxonomy":"category","embeddable":true,"href":"http:\/\/www.puntoevirgolamamma.it\/index.php\/wp-json\/wp\/v2\/categories?post=460"},{"taxonomy":"post_tag","embeddable":true,"href":"http:\/\/www.puntoevirgolamamma.it\/index.php\/wp-json\/wp\/v2\/tags?post=460"}],"curies":[{"name":"wp","href":"https:\/\/api.w.org\/{rel}","templated":true}]}}