{"id":387,"date":"2015-11-20T15:42:01","date_gmt":"2015-11-20T14:42:01","guid":{"rendered":"http:\/\/www.puntoevirgolamamma.it\/?p=387"},"modified":"2015-11-20T15:42:01","modified_gmt":"2015-11-20T14:42:01","slug":"giornata-internazionale-dei-diritti-dellinfanzia-e-delladolescenza","status":"publish","type":"post","link":"http:\/\/www.puntoevirgolamamma.it\/index.php\/2015\/11\/20\/giornata-internazionale-dei-diritti-dellinfanzia-e-delladolescenza\/","title":{"rendered":"Giornata Internazionale dei diritti dell&#8217;infanzia e dell&#8217;adolescenza"},"content":{"rendered":"<!--CusAdsVi1--><p><em>Chiedo un luogo sicuro dove posso giocare\u2028<\/em><br \/>\n<em>chiedo un sorriso di chi sa amare\u2028<\/em><br \/>\n<em>chiedo un pap\u00e0 che mi abbracci forte\u2028<\/em><br \/>\n<em>chiedo un bacio e una carezza di mamma.\u2028<\/em><br \/>\n<em>Io chiedo il diritto di essere bambino\u2028<\/em><br \/>\n<em>di essere speranza di un mondo migliore\u2028<\/em><br \/>\n<em>chiedo di poter crescere come persona\u2028<\/em><br \/>\n<em>Sar\u00e0 che posso contare su di te?\u2028<\/em><br \/>\n<em>Chiedo una scuola dove posso imparare\u2028<\/em><br \/>\n<em>chiedo il diritto di avere la mia famiglia\u2028<\/em><br \/>\n<em>chiedo di poter vivere felice,\u2028<\/em><br \/>\n<em>chiedo la gioia che nasce dalla pace\u2028<\/em><br \/>\n<em>Chiedo il diritto di avere un pane,\u2028chiedo una mano\u2028che m\u2019indichi il cammino.\u2028<\/em><br \/>\n<em>Non sapremo mai quanto bene\u2028 pu\u00f2 fare un semplice sorriso.<\/em><br \/>\n(Diritto di essere un bambino &#8211; Madre Teresa di Calcutta)<\/p><!--CusRndVi-->\n<p><a href=\"http:\/\/www.puntoevirgolamamma.it\/wp-content\/uploads\/2015\/11\/giornata-infanzia.jpg\"><img loading=\"lazy\" class=\"alignright size-medium wp-image-388\" src=\"http:\/\/www.puntoevirgolamamma.it\/wp-content\/uploads\/2015\/11\/giornata-infanzia-300x187.jpg\" alt=\"giornata-infanzia\" width=\"300\" height=\"187\" srcset=\"http:\/\/www.puntoevirgolamamma.it\/wp-content\/uploads\/2015\/11\/giornata-infanzia-300x187.jpg 300w, http:\/\/www.puntoevirgolamamma.it\/wp-content\/uploads\/2015\/11\/giornata-infanzia.jpg 634w\" sizes=\"(max-width: 300px) 100vw, 300px\" \/><\/a>Oggi 20 Novembre \u00e8 la <strong>Giornata Internazionale dei Diritti dell&#8217;Infanzia e dell&#8217;Adolescenza<\/strong> e il 26\u00b0 anniversario dell&#8217;approvazione della<strong> Convenzione ONU sui diritti dell&#8217;Infanzia<\/strong>, avvenuta nel 1989. Il compito di garantirne e promuoverne l&#8217;applicazione nei 196 Stati fu, in seguito, affidata all&#8217;UNICEF.<br \/>\nFinalmente per la prima volta i bambini non furono pi\u00f9 visti come oggetti passivi che avevano bisogno di assistenza, ma come persone attive con una forte capacit\u00e0 di decisione.<br \/>\nIn parole semplici, i diritti elencati nella Convenzione appartengono <strong>a tutti i bambini e a tutti i ragazzi<\/strong> fino a 18 anni, indipendentemente dal sesso, dalla religione, dal colore della pelle, dalla lingua parlata, dal fatto che siano disabili o no oppure ricchi o poveri. I diritti elencati nella Convenzione parlano di libert\u00e0 di pensiero, di scelta, di religione. Una libert\u00e0 che va seguita dai propri genitori, da cui il bambino non deve mai essere separato, a meno che non sia per il suo bene. Tra i diritti troviamo quello ad avere una <strong>vita privata<\/strong>, a poter tenere un diario segreto che nessuno pu\u00f2 leggere, a <strong>fare amicizia<\/strong> con chi si vuole, a <strong>socializzare<\/strong>, ad <strong>istruirsi<\/strong> e ad <strong>informarsi<\/strong> attraverso i mezzi di comunicazione come la televisione o la radio.<br \/>\nI bambini hanno diritto ad una <strong>buona protezione<\/strong>, da parte dei genitori oppure di altre persone o strutture che possano garantire al meglio la sicurezza e la salute di ciascuno.<br \/>\nUn diritto importante \u00e8 quello di <strong>ricevere un&#8217;istruzione<\/strong> che permetta di riuscire a crearsi una personalit\u00e0, a trovare i propri talenti e sviluppare le proprie potenzialit\u00e0.<br \/>\nEd oltre al diritto di istruzione e di educazione, c&#8217;\u00e8, ovviamente, <strong>il diritto al gioco<\/strong>. Giocare \u00e8 importante e tutti i bambini hanno il diritto di poterlo fare in modo libero e sereno.<br \/>\nBisogna combattere affinch\u00e9 questi diritti siano rispettati e siano di tutti. Affinch\u00e9 i bambini abbiano la protezione che meritano, la sicurezza, la felicit\u00e0 e la salute di cui hanno bisogno. A prescindere dal colore di pelle, dalla nazionalit\u00e0 e dalla religione. <strong>I bambini hanno diritto di essere bambini.<\/strong><\/p>\n<p>Chiara<\/p>\n\n<div style=\"font-size: 0px; height: 0px; line-height: 0px; margin: 0; padding: 0; clear: both;\"><\/div>","protected":false},"excerpt":{"rendered":"<p>Chiedo un luogo sicuro dove posso giocare\u2028 chiedo un sorriso di chi sa amare\u2028 chiedo un pap\u00e0 che mi abbracci forte\u2028 chiedo un bacio e una carezza di mamma.\u2028 Io chiedo il diritto di essere bambino\u2028 di essere speranza di un mondo migliore\u2028 chiedo di poter crescere come persona\u2028 Sar\u00e0 che posso contare su di [&#8230;]<\/p>\n","protected":false},"author":1,"featured_media":388,"comment_status":"open","ping_status":"open","sticky":false,"template":"","format":"standard","meta":[],"categories":[15],"tags":[145,144,143],"_links":{"self":[{"href":"http:\/\/www.puntoevirgolamamma.it\/index.php\/wp-json\/wp\/v2\/posts\/387"}],"collection":[{"href":"http:\/\/www.puntoevirgolamamma.it\/index.php\/wp-json\/wp\/v2\/posts"}],"about":[{"href":"http:\/\/www.puntoevirgolamamma.it\/index.php\/wp-json\/wp\/v2\/types\/post"}],"author":[{"embeddable":true,"href":"http:\/\/www.puntoevirgolamamma.it\/index.php\/wp-json\/wp\/v2\/users\/1"}],"replies":[{"embeddable":true,"href":"http:\/\/www.puntoevirgolamamma.it\/index.php\/wp-json\/wp\/v2\/comments?post=387"}],"version-history":[{"count":1,"href":"http:\/\/www.puntoevirgolamamma.it\/index.php\/wp-json\/wp\/v2\/posts\/387\/revisions"}],"predecessor-version":[{"id":389,"href":"http:\/\/www.puntoevirgolamamma.it\/index.php\/wp-json\/wp\/v2\/posts\/387\/revisions\/389"}],"wp:featuredmedia":[{"embeddable":true,"href":"http:\/\/www.puntoevirgolamamma.it\/index.php\/wp-json\/wp\/v2\/media\/388"}],"wp:attachment":[{"href":"http:\/\/www.puntoevirgolamamma.it\/index.php\/wp-json\/wp\/v2\/media?parent=387"}],"wp:term":[{"taxonomy":"category","embeddable":true,"href":"http:\/\/www.puntoevirgolamamma.it\/index.php\/wp-json\/wp\/v2\/categories?post=387"},{"taxonomy":"post_tag","embeddable":true,"href":"http:\/\/www.puntoevirgolamamma.it\/index.php\/wp-json\/wp\/v2\/tags?post=387"}],"curies":[{"name":"wp","href":"https:\/\/api.w.org\/{rel}","templated":true}]}}