{"id":324,"date":"2015-10-27T17:39:12","date_gmt":"2015-10-27T16:39:12","guid":{"rendered":"http:\/\/www.puntoevirgolamamma.it\/?p=324"},"modified":"2015-10-27T18:10:37","modified_gmt":"2015-10-27T17:10:37","slug":"ricordi-di-noi-ero-mamma-prima-di-esserlo","status":"publish","type":"post","link":"http:\/\/www.puntoevirgolamamma.it\/index.php\/2015\/10\/27\/ricordi-di-noi-ero-mamma-prima-di-esserlo\/","title":{"rendered":"Ricordi di noi: ero mamma ancora prima di esserlo"},"content":{"rendered":"<!--CusAdsVi1--><p>Sono sempre stata una persona un po&#8217; malinconica e molto legata ai ricordi, ma da quando<strong> sono mamma<\/strong> lo sono ancora di pi\u00f9, con la differenza che mi rendo conto di dover rendere unico ogni momento in modo da poter creare solo ricordi bellissimi di quella che \u00e8 senza dubbio l&#8217;esperienza pi\u00f9 emozionante della vita.<br \/>\nCome ogni mamma, oggi che <strong>mia figlia ha tre anni<\/strong>, ricordo ogni cosa, dalla prima volta che l&#8217;ho vista e l&#8217;ho stretta, passando per la prima pappa, il primo sorriso, la prima volta che mi ha chiamata mamma, i primi passi, il primo giorno d&#8217;asilo, la prima amicizia, la prima lezione di danza, fino ad arrivare al buongiorno che mi ha dato questa mattina.<br \/>\nOgni ricordo \u00e8 prezioso. Ogni ricordo \u00e8 importante. E la mia mente, spesso, mi fa rivivere le emozioni forti che ho vissuto in questi tre anni.<br \/>\n<a href=\"http:\/\/www.puntoevirgolamamma.it\/wp-content\/uploads\/2015\/10\/sofia.jpg\"><img loading=\"lazy\" class=\"alignright size-medium wp-image-321\" src=\"http:\/\/www.puntoevirgolamamma.it\/wp-content\/uploads\/2015\/10\/sofia-300x207.jpg\" alt=\"sofia\" width=\"300\" height=\"207\" srcset=\"http:\/\/www.puntoevirgolamamma.it\/wp-content\/uploads\/2015\/10\/sofia-300x207.jpg 300w, http:\/\/www.puntoevirgolamamma.it\/wp-content\/uploads\/2015\/10\/sofia.jpg 600w\" sizes=\"(max-width: 300px) 100vw, 300px\" \/><\/a><strong>Sofia<\/strong> \u00e8 nata il 25 Luglio 2012, faceva caldo, molto caldo, ma lei \u00e8 nata in piena notte, come succede quando i sogni diventano realt\u00e0. Ricordo la paura, il dolore, la felicit\u00e0, la dolcezza, la forza della vita. Ricordo quanto desideravo ritrovarmi finalmente da sola con lei e con il suo pap\u00e0, senza pi\u00f9 nessuno intorno, a goderci la nostra privacy, il nostro momento perfetto. Ricordo le lacrime, soprattutto quelle di gioia, e la voglia di scoprire come sarebbe stata la nostra vita insieme. Non ci sono state tante notti del tutto insonni, fortunatamente, ma ricordo la stanchezza, l&#8217;ansia per ogni cosa, il cercare di dare sempre di pi\u00f9 e nonostante questo non sentirsi mai all&#8217;altezza. Ci ho messo ben tre anni per iniziare a sentirmi mamma davvero, una mamma vera.<br \/>\nMa<strong> i ricordi saltano da un anno all&#8217;altro<\/strong> senza sosta. Si fermano sul momento in cui il mio test di gravidanza \u00e8 diventato positivo, sul primo abbraccio di quello che sarebbe diventato un bravissimo pap\u00e0 ma che allora era solo il mio ragazzo, la prima ecografia, che ha cambiato completamente la mia vita. Ricordo la mia gravidanza, emotivamente pesante, piena di intromissioni, di parole sbagliate, di stress, ma anche di momenti di dolcezza, sogni e speranza.<br \/>\nPoi torno a ricordare il primo Natale, il secondo e soprattutto il terzo, che \u00e8 stato quello pi\u00f9 bello. Sofia era abbastanza grande per capire che <strong>se ci credi davvero la magia esiste<\/strong> ed io ho fatto in modo che il Natale fosse soltanto pieno di magia. I presepi visti insieme, le case di Babbo Natale, i dolci, il freddo, le luci alle finestre, le cioccolate calde, l&#8217;albero di Natale preparato insieme, la prima letterina a Babbo Natale, i biscotti fatti con le sue manine, i regali e la poesia di un periodo che \u00e8 stato per me davvero indescrivibile.<br \/>\nRicordo anche i momenti di crisi, quando non riuscivo ad essere la mamma che volevo e proiettavo su di lei tutte le mie paure e le mie crisi esistenziali. Ricordo le sue, di crisi, e come \u00e8 stata nervosa in quel periodo chiamato &#8220;terrible two&#8221;.<br \/>\nRicordo il suo primo compleanno, lei con indosso solo il pannolino che gattonava in una stanza piena di palloncini. Il suo secondo compleanno, quando correva sul prato con il suo cuginetto, pronta a mangiare la sua torta di Winnie The Pooh. E poi il suo bellissimo terzo compleanno, con pochi invitati, quelli giusti, quelli che sono rimasti durante gli anni, la sua felicit\u00e0 nell&#8217;aprire i regali, la voglia di giocare, la sua prima macchina fotografica e la sua torta di Masha e Orso.<br \/>\nRicordo perfettamente <strong>le nostre tre bellissime vacanze in Toscana<\/strong>, come ci siamo divertiti, come l&#8217;abbiamo osservata mentre si ambientava meglio di noi in una realt\u00e0 diversa, come \u00e8 stata brava e solare durante quei giorni e come \u00e8 stato prezioso il tempo trascorso a visitare posti nuovi, noi tre insieme.<br \/>\nRicordo <strong>la prima volta al cinema<\/strong>, la prima volta al McDonald, la prima volta che le ho provato il completino per danza, la sua prima volta sulla neve, il primo tuffo in piscina, il primo disegno che mi hai portato a casa dall&#8217;asilo, il primo Halloween vestita da streghetta, il suo inserimento, il suo peluche Simba, il suo primo pasto all&#8217;asilo, tutte le giornate trascorse con i suoi nonni, la prima volta che ha conosciuto <strong>il suo fratellino a quattro zampe Joey<\/strong>.<br \/>\nOra ha tre anni, \u00e8 bellissima, intelligente e coraggiosa. E&#8217; una ribelle, e questo mi piace da impazzire. Non abbassa la testa, mai. Non cede, non si fa calpestare ed <strong>ogni giorno mi rende orgogliosa di lei<\/strong>. Fisicamente somiglia a me, ma il carattere \u00e8 quasi tutto del suo pap\u00e0, cos\u00ec come lo sono le sue espressioni. Sa contare fino a 30, anche se qualche numero lo salta ancora, sa leggere le lettere, scriverle e colorare restando dentro i bordi. E tutti i ricordi che ho mi fanno capire <strong>quanto siamo stati bravi noi tre a crescere insieme<\/strong>.<br \/>\nMa il ricordo che ultimamente mi abbraccia pi\u00f9 forte \u00e8 <strong>il ricordo di me prima di lei<\/strong>, perch\u00e9 ora so che ero gi\u00e0 una mamma. Lo ero gi\u00e0 nel mio cuore. Io prima di lei, avevo il cuore in attesa, senza neanche saperlo. Io, prima di lei, ricordo perfettamente che avevo gi\u00e0 scelto di chiamarla Sofia, pur non sapendo se mi avrebbe mai trovata. E se mi chiedevano di immaginarla, io la immaginavo esattamente cos\u00ec, con i suoi grandi occhi blu, i suoi lunghi boccoli e quel corpicino da ballerina.<br \/>\nIo mi ricordo di essere mamma ancora prima di diventarlo davvero. Per questo, ogni mio ricordo appartiene a lei. Perch\u00e9 c&#8217;era gi\u00e0 lei, \u00e8 sempre stata lei.<\/p><!--CusRndVi-->\n<p>Solo che ora, finalmente, ho capito che i ricordi pi\u00f9 belli, sicuramente, <a href=\"http:\/\/www.puntoevirgolamamma.it\/wp-content\/uploads\/2015\/10\/12032250_1632111763672358_2579956457153007516_n.jpg\"><img loading=\"lazy\" class=\" wp-image-319 alignright\" src=\"http:\/\/www.puntoevirgolamamma.it\/wp-content\/uploads\/2015\/10\/12032250_1632111763672358_2579956457153007516_n-300x300.jpg\" alt=\"12032250_1632111763672358_2579956457153007516_n\" width=\"278\" height=\"278\" srcset=\"http:\/\/www.puntoevirgolamamma.it\/wp-content\/uploads\/2015\/10\/12032250_1632111763672358_2579956457153007516_n-300x300.jpg 300w, http:\/\/www.puntoevirgolamamma.it\/wp-content\/uploads\/2015\/10\/12032250_1632111763672358_2579956457153007516_n-150x150.jpg 150w, http:\/\/www.puntoevirgolamamma.it\/wp-content\/uploads\/2015\/10\/12032250_1632111763672358_2579956457153007516_n-50x50.jpg 50w, http:\/\/www.puntoevirgolamamma.it\/wp-content\/uploads\/2015\/10\/12032250_1632111763672358_2579956457153007516_n.jpg 640w\" sizes=\"(max-width: 278px) 100vw, 278px\" \/><\/a>devono ancora arrivare.<\/p>\n<p>Questo post partecipa alla bellissima iniziativa delle <a href=\"https:\/\/www.facebook.com\/StorMoms?fref=ts\">StorMoms<\/a>! Grazie per il secondo bellissimo tema scelto da Francesca, del blog <a href=\"https:\/\/momfrancesca.wordpress.com\/\">MomFrancesca<\/a>.<\/p>\n<p>#StorMoms #ricordidamamma<\/p>\n<p>Chiara<\/p>\n\n<div style=\"font-size: 0px; height: 0px; line-height: 0px; margin: 0; padding: 0; clear: both;\"><\/div>","protected":false},"excerpt":{"rendered":"<p>Sono sempre stata una persona un po&#8217; malinconica e molto legata ai ricordi, ma da quando sono mamma lo sono ancora di pi\u00f9, con la differenza che mi rendo conto di dover rendere unico ogni momento in modo da poter creare solo ricordi bellissimi di quella che \u00e8 senza dubbio l&#8217;esperienza pi\u00f9 emozionante della vita. [&#8230;]<\/p>\n","protected":false},"author":1,"featured_media":321,"comment_status":"open","ping_status":"open","sticky":false,"template":"","format":"standard","meta":[],"categories":[64,10],"tags":[20,73,115,65],"_links":{"self":[{"href":"http:\/\/www.puntoevirgolamamma.it\/index.php\/wp-json\/wp\/v2\/posts\/324"}],"collection":[{"href":"http:\/\/www.puntoevirgolamamma.it\/index.php\/wp-json\/wp\/v2\/posts"}],"about":[{"href":"http:\/\/www.puntoevirgolamamma.it\/index.php\/wp-json\/wp\/v2\/types\/post"}],"author":[{"embeddable":true,"href":"http:\/\/www.puntoevirgolamamma.it\/index.php\/wp-json\/wp\/v2\/users\/1"}],"replies":[{"embeddable":true,"href":"http:\/\/www.puntoevirgolamamma.it\/index.php\/wp-json\/wp\/v2\/comments?post=324"}],"version-history":[{"count":2,"href":"http:\/\/www.puntoevirgolamamma.it\/index.php\/wp-json\/wp\/v2\/posts\/324\/revisions"}],"predecessor-version":[{"id":326,"href":"http:\/\/www.puntoevirgolamamma.it\/index.php\/wp-json\/wp\/v2\/posts\/324\/revisions\/326"}],"wp:featuredmedia":[{"embeddable":true,"href":"http:\/\/www.puntoevirgolamamma.it\/index.php\/wp-json\/wp\/v2\/media\/321"}],"wp:attachment":[{"href":"http:\/\/www.puntoevirgolamamma.it\/index.php\/wp-json\/wp\/v2\/media?parent=324"}],"wp:term":[{"taxonomy":"category","embeddable":true,"href":"http:\/\/www.puntoevirgolamamma.it\/index.php\/wp-json\/wp\/v2\/categories?post=324"},{"taxonomy":"post_tag","embeddable":true,"href":"http:\/\/www.puntoevirgolamamma.it\/index.php\/wp-json\/wp\/v2\/tags?post=324"}],"curies":[{"name":"wp","href":"https:\/\/api.w.org\/{rel}","templated":true}]}}