{"id":280,"date":"2015-10-09T16:09:22","date_gmt":"2015-10-09T14:09:22","guid":{"rendered":"http:\/\/www.puntoevirgolamamma.it\/?p=280"},"modified":"2015-10-09T16:09:22","modified_gmt":"2015-10-09T14:09:22","slug":"io-ti-difendo-anche-se-mi-fai-male","status":"publish","type":"post","link":"http:\/\/www.puntoevirgolamamma.it\/index.php\/2015\/10\/09\/io-ti-difendo-anche-se-mi-fai-male\/","title":{"rendered":"Io ti difendo anche se mi fai male"},"content":{"rendered":"<!--CusAdsVi1--><p>Oggi il mio cuore \u00e8 diventato piccolo piccolo, in un misto tra dispiacere, fastidio e orgoglio.<br \/>\nIo e il mio compagno siamo andati a prendere <strong>Sofia<\/strong> all&#8217;asilo e come al solito era felice e sorridente, mentre la sua maestra ci spiegava che era stata molto brava.<br \/>\nQuando siamo arrivati a casa, nel momento in cui si stava lavando le manine, abbiamo notato sul suo polso <strong>il segno di un morso<\/strong> bello forte. Le abbiamo subito chiesto spiegazioni, ma lei si \u00e8 messa a piangere dicendo che non avrebbe detto nulla. Abbiamo insistito, chiedendole chi era stato a morderla in quel modo, ma lei niente, non voleva dirci nulla. <a href=\"http:\/\/www.puntoevirgolamamma.it\/index.php\/2015\/10\/09\/io-ti-difendo-anche-se-mi-fai-male\/images\/#main\" rel=\"attachment wp-att-281\"><img loading=\"lazy\" class=\"alignright size-medium wp-image-281\" src=\"http:\/\/www.puntoevirgolamamma.it\/wp-content\/uploads\/2015\/10\/images-300x193.png\" alt=\"images\" width=\"300\" height=\"193\" srcset=\"http:\/\/www.puntoevirgolamamma.it\/wp-content\/uploads\/2015\/10\/images-300x193.png 300w, http:\/\/www.puntoevirgolamamma.it\/wp-content\/uploads\/2015\/10\/images.png 600w\" sizes=\"(max-width: 300px) 100vw, 300px\" \/><\/a>Dopo un po&#8217; che ne parlavamo, piangendo, ha iniziato a fare dei nomi, in modo confuso, spiegando che mentre erano in salone aveva litigato con qualcuno per un giocattolo, e questo bambino l&#8217;aveva morsa. Mi ha detto che non ha voluto dire niente alla maestra, per non farlo sgridare, e noi abbiamo cercato di spiegarle che invece avrebbe dovuto dirglielo, perch\u00e9 \u00e8 sbagliato fare male agli altri bambini.<br \/>\nDopo un po&#8217; che cercava di spiegarci cosa era successo senza mai dire chiaramente chi fosse questo bambino, ho capito che i nomi che aveva fatto se li era inventati.<br \/>\n<em>&#8220;Sofia mi stai dicendo una bugia?&#8221;<\/em><br \/>\n<em>&#8220;Si, mamma&#8221;<\/em><br \/>\nOra, mentre scrivo, non sono ancora riuscita a farmi dire chi le ha fatto male, ma ho capito una cosa: Sofia non vuole dirmi chi \u00e8 per difendere questo bambino, per impedire che venga rimproverato da me o dalla sua maestra.<br \/>\nE&#8217; la prima volta che mi trovo in una situazione del genere, so che tra bambini succede spesso di litigare per qualcosa e magari di farsi un po&#8217; male, io stessa spesso devo sgridare mia figlia per la sua irruenza. Non sono, infatti, arrabbiata per il gesto del bambino, sono pi\u00f9 che altro un po&#8217; infastidita per il fatto di averlo scoperto da sola, di non essere stata avvertita da chi di dovere, ma soprattutto <strong>mi \u00e8 dispiaciuto pensare che Sofia si \u00e8 tenuta il dolore<\/strong>, senza piangere, senza dire niente, per difendere il bambino che le aveva fatto male.<br \/>\nHa ammesso di aver preferito mantenere il segreto piuttosto che vedere il suo amichetto che veniva sgridato. Sono dispiaciuta per quello che si \u00e8 tenuta dentro, e spero abbia capito che <strong>deve sempre rivolgersi alla maestra<\/strong> in queste occasioni e metterla al corrente di tutto in modo che poi possa avvertire me, ma sono anche orgogliosa di lei, perch\u00e9 ho capito che sar\u00e0 sempre un&#8217;amica favolosa. E l&#8217;amicizia, per me che ne ho conosciuta pochissima, \u00e8 una cosa importante. <strong>Sono fiera di lei<\/strong>, perch\u00e9 ha voluto difendere un bambino a cui vuole bene, un amichetto, un compagno di giochi, anche se in quel momento l&#8217;aveva ferita. Sono fiera di lei, perch\u00e9 non ha tradito la fiducia di questo bambino, neanche quando avrebbe, invece, dovuto farlo. Sono sicura che <strong>mia figlia sar\u00e0 un&#8217;ottima amica<\/strong>, anche se le insegner\u00f2 a non pensare solo agli altri, ma di pensare a loro mentre pensa anche a lei e al suo bene, che deve sempre essere la cosa pi\u00f9 importante. Voglio insegnarle un po&#8217; di egoismo, quello che io non ho mai avuto, ma nello stesso tempo spero che mantenga questa solidariet\u00e0, questa bont\u00e0 e questa complicit\u00e0 con i bambini della sua et\u00e0, anche nei momenti peggiori.<br \/>\nNon sono una santa, sia chiaro, da un lato avrei voluto che dopo il morso che ha ricevuto si girasse e che reagisse per difendersi, ma sono davvero orgogliosa di lei, perch\u00e9 \u00e8 una bambina onesta, che protegge sempre le persone a cui vuole bene.<br \/>\nSpero vivamente che sia un episodio isolato, e spero che lei, dovesse riaccadere, si rivolga subito alla maestra, ma ricorder\u00f2 sempre come si \u00e8 comportata in questa occasione.<\/p><!--CusRndVi-->\n<p>Chiara<\/p>\n\n<div style=\"font-size: 0px; height: 0px; line-height: 0px; margin: 0; padding: 0; clear: both;\"><\/div>","protected":false},"excerpt":{"rendered":"<p>Oggi il mio cuore \u00e8 diventato piccolo piccolo, in un misto tra dispiacere, fastidio e orgoglio. Io e il mio compagno siamo andati a prendere Sofia all&#8217;asilo e come al solito era felice e sorridente, mentre la sua maestra ci spiegava che era stata molto brava. Quando siamo arrivati a casa, nel momento in cui [&#8230;]<\/p>\n","protected":false},"author":1,"featured_media":281,"comment_status":"open","ping_status":"open","sticky":false,"template":"","format":"standard","meta":[],"categories":[1],"tags":[69,105,106],"_links":{"self":[{"href":"http:\/\/www.puntoevirgolamamma.it\/index.php\/wp-json\/wp\/v2\/posts\/280"}],"collection":[{"href":"http:\/\/www.puntoevirgolamamma.it\/index.php\/wp-json\/wp\/v2\/posts"}],"about":[{"href":"http:\/\/www.puntoevirgolamamma.it\/index.php\/wp-json\/wp\/v2\/types\/post"}],"author":[{"embeddable":true,"href":"http:\/\/www.puntoevirgolamamma.it\/index.php\/wp-json\/wp\/v2\/users\/1"}],"replies":[{"embeddable":true,"href":"http:\/\/www.puntoevirgolamamma.it\/index.php\/wp-json\/wp\/v2\/comments?post=280"}],"version-history":[{"count":2,"href":"http:\/\/www.puntoevirgolamamma.it\/index.php\/wp-json\/wp\/v2\/posts\/280\/revisions"}],"predecessor-version":[{"id":283,"href":"http:\/\/www.puntoevirgolamamma.it\/index.php\/wp-json\/wp\/v2\/posts\/280\/revisions\/283"}],"wp:featuredmedia":[{"embeddable":true,"href":"http:\/\/www.puntoevirgolamamma.it\/index.php\/wp-json\/wp\/v2\/media\/281"}],"wp:attachment":[{"href":"http:\/\/www.puntoevirgolamamma.it\/index.php\/wp-json\/wp\/v2\/media?parent=280"}],"wp:term":[{"taxonomy":"category","embeddable":true,"href":"http:\/\/www.puntoevirgolamamma.it\/index.php\/wp-json\/wp\/v2\/categories?post=280"},{"taxonomy":"post_tag","embeddable":true,"href":"http:\/\/www.puntoevirgolamamma.it\/index.php\/wp-json\/wp\/v2\/tags?post=280"}],"curies":[{"name":"wp","href":"https:\/\/api.w.org\/{rel}","templated":true}]}}