{"id":278,"date":"2015-10-05T15:19:24","date_gmt":"2015-10-05T13:19:24","guid":{"rendered":"http:\/\/www.puntoevirgolamamma.it\/?p=278"},"modified":"2015-10-06T11:50:38","modified_gmt":"2015-10-06T09:50:38","slug":"top-of-the-post-1","status":"publish","type":"post","link":"http:\/\/www.puntoevirgolamamma.it\/index.php\/2015\/10\/05\/top-of-the-post-1\/","title":{"rendered":"Punto e Virgola Mamma: Top of the post #1"},"content":{"rendered":"<!--CusAdsVi1--><p>&nbsp;<\/p>\n<div align=\"center\"><a title=\"Da Mamma a Mamma\" href=\"http:\/\/www.damammaamamma.net\/\"><img style=\"border: none;\" src=\"http:\/\/i1328.photobucket.com\/albums\/w532\/damammaamamma\/BannerTOPOFTHEPOSTDaMammaaMamma_zpsef8b4bd9.jpg\" alt=\"Da Mamma a Mamma\" \/><\/a><\/div>\n<p>Sono nuovamente pronta a svelarvi i tre post della scorsa settimana che mi sono piaciuti di pi\u00f9, per il mio secondo <strong>Top of the Post<\/strong>! L&#8217;idea di questa iniziativa la trovo bellissima, perch\u00e9 girare tra i blog di mamme come me \u00e8 sempre un piacere, leggere i loro post mi emoziona, mi fa sorridere, mi commuove e trovo sempre qualche dettaglio in comune con me. La scelta non \u00e8 mai facile, ma c&#8217;\u00e8 sempre qualcosa che mi rimane dentro e che mi fa andare sul sicuro.<br \/>\nCos\u00ec oggi sono pronta a condividere le mie scelte con voi!<\/p>\n<p>Il primo post che ho scelto \u00e8 quello di Ellisteller, nel suo blog <a href=\"https:\/\/ellisteller.wordpress.com\/\">Me la racconto e ci rido su!<\/a> Il post parla dei due anni del suo grande amore, del suo compleanno e dei tanti ricordi che due anni hanno permesso di creare. Ho ripensato al compleanno di mia figlia, che di anni ne ha fatti tre, a tutti i ricordi che ho nel cuore, alla prima volta che l&#8217;ho stretta tra le braccia e ai nostri festeggiamenti. Il post mi ha coinvolta ed emozionata, e consiglio a tutti di leggerlo (<a href=\"https:\/\/ellisteller.wordpress.com\/2015\/09\/29\/due-anni-di-te\/\"><strong>QUI<\/strong><\/a>)<\/p><!--CusRndVi-->\n<p>Il secondo post \u00e8 quello di <a href=\"http:\/\/www.theyummymom.com\/\">Yummy Mom<\/a>, che ha spiegato benissimo come spesso la vita sui social appaia in modo molto diverso da come in realt\u00e0 \u00e8. E condivido in pieno questo suo pensiero. Se qualcuno dovesse giudicare la nostra vita attraverso i social e le foto che pubblichiamo potrebbero tutti scambiarci per abitanti del Mulino Bianco, ma in realt\u00e0 la vita vera \u00e8 molto pi\u00f9 complicata e piena di quanto possa apparire virtualmente. Leggete il post <a href=\"http:\/\/www.theyummymom.com\/2015\/10\/la-vita-non-e-quella-dei-social-e-io-sono-molto-peggio-di-quello-che-sembro.html\"><strong>QUI<\/strong><\/a>!<\/p>\n<p>Il terzo post che ho scelto \u00e8 quello di <a href=\"http:\/\/mammanontiarrabbiare.blogspot.it\/\">Mamma non ti arrabbiare<\/a>, in cui ci racconta &#8220;Il paese dei balocchi&#8221;, evento svolto a Mogliano. Mi \u00e8 piaciuto molto come ha descritto la giornata, e dico la verit\u00e0, avrei voluto esserci anche io con la mia ranocchietta a divertirci tra spettacoli, truccabimbi, pesca, gonfiabili e chi pi\u00f9 ne ha pi\u00f9 ne metta! Il post lo potete trovare <a href=\"http:\/\/mammanontiarrabbiare.blogspot.it\/2015\/10\/il-paese-dei-balocchi.html?spref=fb\"><strong>QUI<\/strong><\/a>!<\/p>\n<p>Con questo post partecipo all&#8217;iniziativa del blog di Marina di <a href=\"http:\/\/www.damammaamamma.net\/2015\/10\/top-of-the-post-5-ottobre-2015.html?spref=fb\">Da Mamma a Mamma<\/a>! Se volete partecipare, troverete le regole a questo <a href=\"http:\/\/www.damammaamamma.net\/2014\/10\/nuovo-top-of-the-post-di-da-mamma-a-mamma.html\">link<\/a>!<\/p>\n\n<div style=\"font-size: 0px; height: 0px; line-height: 0px; margin: 0; padding: 0; clear: both;\"><\/div>","protected":false},"excerpt":{"rendered":"<p>&nbsp; Sono nuovamente pronta a svelarvi i tre post della scorsa settimana che mi sono piaciuti di pi\u00f9, per il mio secondo Top of the Post! L&#8217;idea di questa iniziativa la trovo bellissima, perch\u00e9 girare tra i blog di mamme come me \u00e8 sempre un piacere, leggere i loro post mi emoziona, mi fa sorridere, [&#8230;]<\/p>\n","protected":false},"author":1,"featured_media":249,"comment_status":"open","ping_status":"open","sticky":false,"template":"","format":"standard","meta":[],"categories":[64],"tags":[96],"_links":{"self":[{"href":"http:\/\/www.puntoevirgolamamma.it\/index.php\/wp-json\/wp\/v2\/posts\/278"}],"collection":[{"href":"http:\/\/www.puntoevirgolamamma.it\/index.php\/wp-json\/wp\/v2\/posts"}],"about":[{"href":"http:\/\/www.puntoevirgolamamma.it\/index.php\/wp-json\/wp\/v2\/types\/post"}],"author":[{"embeddable":true,"href":"http:\/\/www.puntoevirgolamamma.it\/index.php\/wp-json\/wp\/v2\/users\/1"}],"replies":[{"embeddable":true,"href":"http:\/\/www.puntoevirgolamamma.it\/index.php\/wp-json\/wp\/v2\/comments?post=278"}],"version-history":[{"count":1,"href":"http:\/\/www.puntoevirgolamamma.it\/index.php\/wp-json\/wp\/v2\/posts\/278\/revisions"}],"predecessor-version":[{"id":279,"href":"http:\/\/www.puntoevirgolamamma.it\/index.php\/wp-json\/wp\/v2\/posts\/278\/revisions\/279"}],"wp:featuredmedia":[{"embeddable":true,"href":"http:\/\/www.puntoevirgolamamma.it\/index.php\/wp-json\/wp\/v2\/media\/249"}],"wp:attachment":[{"href":"http:\/\/www.puntoevirgolamamma.it\/index.php\/wp-json\/wp\/v2\/media?parent=278"}],"wp:term":[{"taxonomy":"category","embeddable":true,"href":"http:\/\/www.puntoevirgolamamma.it\/index.php\/wp-json\/wp\/v2\/categories?post=278"},{"taxonomy":"post_tag","embeddable":true,"href":"http:\/\/www.puntoevirgolamamma.it\/index.php\/wp-json\/wp\/v2\/tags?post=278"}],"curies":[{"name":"wp","href":"https:\/\/api.w.org\/{rel}","templated":true}]}}