{"id":2465,"date":"2020-08-04T16:04:33","date_gmt":"2020-08-04T14:04:33","guid":{"rendered":"http:\/\/www.puntoevirgolamamma.it\/?p=2465"},"modified":"2020-08-04T16:04:35","modified_gmt":"2020-08-04T14:04:35","slug":"come-scegliere-la-scrivania-per-la-cameretta","status":"publish","type":"post","link":"http:\/\/www.puntoevirgolamamma.it\/index.php\/2020\/08\/04\/come-scegliere-la-scrivania-per-la-cameretta\/","title":{"rendered":"Come scegliere la scrivania per la cameretta"},"content":{"rendered":"<!--CusAdsVi1-->\n<p><em>Oggi ho il piacere di ospitare il guest post di Laura del blog <a href=\"https:\/\/laurahomeplanner.com\">Laura Home Planner<\/a>, che ci regala qualche consiglio per scegliere la scrivania per la cameretta dei bambini. <\/em><\/p>\n\n\n\n<p>Non tutti sanno che scegliere la scrivania per la cameretta ha un ruolo fondamentale, lo so molti di voi penseranno:  &#8220;tanto c\u2019\u00e8 il tavolo della cucina, non user\u00e0 mai la scrivania\u201d.<\/p>\n\n\n\n<p>Questo \u00e8 un modo di pensare un p\u00f2 retr\u00f2, di sicuro molti di noi genitori, nel nostro passato abbiamo usato il tavolo del soggiorno o quella della cucina per fare i compiti , ma vi siete chiesti perch\u00e8? forse perch\u00e8 non avevavamo la fortuna che hanno i nostri figli oggi di scegliere la cameretta. <\/p>\n\n\n\n<p>Io ad esempio, nonostante fossi figlia di un arredatore (un p\u00f2 come il famoso detto il calzolaio senza scarpe), ho condiviso una cameretta con tre dei miei fratelli, si trattava della classica cameretta bianca a ponte, con sotto due letti, di lato su una parete il mio (ero la pi\u00f9 piccola) e una scrivania in centro stanza peccato per\u00f2 che la scrivania fosse inutilizzabile: \u201cchi avrebbe avuto la priorit\u00e0 su tre fratelli?\u201d <\/p>\n\n\n\n<p>Fortunatamente oggi esistono svariate soluzioni, scrivanie sospese, scrivanie con cambio di profondit\u00e0 con forme diverse incassate sotto il soppalco soluzioni salva spazio sotto ponte insomma, neppure in una cameretta piccola \u00e8 impossibile inserire la scrivania.<\/p>\n\n\n\n<p> Dare un angolo studio, uno spazio riservato a i libri, ai lavori manuali, ai disegni, gioca un ruolo importante per rendere indipendenti i bambini. Educare il bambino a sistemare la scrivania prima di andare a letto, lo render\u00e0 responsabile dei suoi oggetti allo stesso tempo sar\u00e0 un modo per farsi aiutare nelle faccende domestiche. <\/p>\n\n\n\n<p>Come scegliere la scrivania per la cameretta? La scelta della scrivania per la cameretta deve basarsi su due aspetti fondamentali: chi la utilizzer\u00e0 lo spazio che abbiamo a disposizione in generale le dimensioni valide per tutti i modelli sono: l\u2019altezza del piano da terra deve essere circa 75cm lo spazio che intercorre tra la seduta e la parte inferiore del piano circa 25 cm per il resto lunghezza e profondit\u00e0 saranno vincolate dallo spazio a disposizione <\/p>\n\n\n\n<p>Volete vedere la galleria di immagini che ho preparato per voi?<\/p><!--CusRndVi-->\n\n\n\n<figure class=\"wp-block-gallery columns-3 is-cropped\"><ul class=\"blocks-gallery-grid\"><li class=\"blocks-gallery-item\"><figure><img loading=\"lazy\" width=\"800\" height=\"800\" src=\"http:\/\/www.puntoevirgolamamma.it\/wp-content\/uploads\/2020\/08\/Esplosione-di-colori.jpeg\" alt=\"\" data-id=\"2467\" data-link=\"http:\/\/www.puntoevirgolamamma.it\/?attachment_id=2467\" class=\"wp-image-2467\" srcset=\"http:\/\/www.puntoevirgolamamma.it\/wp-content\/uploads\/2020\/08\/Esplosione-di-colori.jpeg 800w, http:\/\/www.puntoevirgolamamma.it\/wp-content\/uploads\/2020\/08\/Esplosione-di-colori-300x300.jpeg 300w, http:\/\/www.puntoevirgolamamma.it\/wp-content\/uploads\/2020\/08\/Esplosione-di-colori-150x150.jpeg 150w, http:\/\/www.puntoevirgolamamma.it\/wp-content\/uploads\/2020\/08\/Esplosione-di-colori-768x768.jpeg 768w\" sizes=\"(max-width: 800px) 100vw, 800px\" \/><\/figure><\/li><li class=\"blocks-gallery-item\"><figure><img loading=\"lazy\" width=\"960\" height=\"960\" src=\"http:\/\/www.puntoevirgolamamma.it\/wp-content\/uploads\/2020\/08\/Multifunzionalit\u00e0.jpeg\" alt=\"\" data-id=\"2468\" data-link=\"http:\/\/www.puntoevirgolamamma.it\/?attachment_id=2468\" class=\"wp-image-2468\" srcset=\"http:\/\/www.puntoevirgolamamma.it\/wp-content\/uploads\/2020\/08\/Multifunzionalit\u00e0.jpeg 960w, http:\/\/www.puntoevirgolamamma.it\/wp-content\/uploads\/2020\/08\/Multifunzionalit\u00e0-300x300.jpeg 300w, http:\/\/www.puntoevirgolamamma.it\/wp-content\/uploads\/2020\/08\/Multifunzionalit\u00e0-150x150.jpeg 150w, http:\/\/www.puntoevirgolamamma.it\/wp-content\/uploads\/2020\/08\/Multifunzionalit\u00e0-768x768.jpeg 768w\" sizes=\"(max-width: 960px) 100vw, 960px\" \/><\/figure><\/li><li class=\"blocks-gallery-item\"><figure><img loading=\"lazy\" width=\"528\" height=\"709\" src=\"http:\/\/www.puntoevirgolamamma.it\/wp-content\/uploads\/2020\/08\/roundcube.jpeg\" alt=\"\" data-id=\"2469\" data-link=\"http:\/\/www.puntoevirgolamamma.it\/?attachment_id=2469\" class=\"wp-image-2469\" srcset=\"http:\/\/www.puntoevirgolamamma.it\/wp-content\/uploads\/2020\/08\/roundcube.jpeg 528w, http:\/\/www.puntoevirgolamamma.it\/wp-content\/uploads\/2020\/08\/roundcube-223x300.jpeg 223w\" sizes=\"(max-width: 528px) 100vw, 528px\" \/><\/figure><\/li><li class=\"blocks-gallery-item\"><figure><img src=\"blob:http:\/\/www.puntoevirgolamamma.it\/eb0bdce6-8508-44ec-bb4b-57d94411cc59\"\/><\/figure><\/li><li class=\"blocks-gallery-item\"><figure><img src=\"blob:http:\/\/www.puntoevirgolamamma.it\/250a190d-7580-4c78-9b1e-dbde53ac4452\"\/><\/figure><\/li><li class=\"blocks-gallery-item\"><figure><img loading=\"lazy\" width=\"768\" height=\"768\" src=\"http:\/\/www.puntoevirgolamamma.it\/wp-content\/uploads\/2020\/08\/Utilit\u00e0-e-bellezza.jpeg\" alt=\"\" data-id=\"2471\" data-full-url=\"http:\/\/www.puntoevirgolamamma.it\/wp-content\/uploads\/2020\/08\/Utilit\u00e0-e-bellezza.jpeg\" data-link=\"http:\/\/www.puntoevirgolamamma.it\/?attachment_id=2471\" class=\"wp-image-2471\" srcset=\"http:\/\/www.puntoevirgolamamma.it\/wp-content\/uploads\/2020\/08\/Utilit\u00e0-e-bellezza.jpeg 768w, http:\/\/www.puntoevirgolamamma.it\/wp-content\/uploads\/2020\/08\/Utilit\u00e0-e-bellezza-300x300.jpeg 300w, http:\/\/www.puntoevirgolamamma.it\/wp-content\/uploads\/2020\/08\/Utilit\u00e0-e-bellezza-150x150.jpeg 150w\" sizes=\"(max-width: 768px) 100vw, 768px\" \/><\/figure><\/li><li class=\"blocks-gallery-item\"><figure><img loading=\"lazy\" width=\"600\" height=\"600\" src=\"http:\/\/www.puntoevirgolamamma.it\/wp-content\/uploads\/2020\/08\/xmoretticompact_kc304_p7.jpg.pagespeed.ic_.pK5MFgHSrS-1-01.jpeg\" alt=\"\" data-id=\"2473\" data-full-url=\"http:\/\/www.puntoevirgolamamma.it\/wp-content\/uploads\/2020\/08\/xmoretticompact_kc304_p7.jpg.pagespeed.ic_.pK5MFgHSrS-1-01.jpeg\" data-link=\"http:\/\/www.puntoevirgolamamma.it\/?attachment_id=2473\" class=\"wp-image-2473\" srcset=\"http:\/\/www.puntoevirgolamamma.it\/wp-content\/uploads\/2020\/08\/xmoretticompact_kc304_p7.jpg.pagespeed.ic_.pK5MFgHSrS-1-01.jpeg 600w, http:\/\/www.puntoevirgolamamma.it\/wp-content\/uploads\/2020\/08\/xmoretticompact_kc304_p7.jpg.pagespeed.ic_.pK5MFgHSrS-1-01-300x300.jpeg 300w, http:\/\/www.puntoevirgolamamma.it\/wp-content\/uploads\/2020\/08\/xmoretticompact_kc304_p7.jpg.pagespeed.ic_.pK5MFgHSrS-1-01-150x150.jpeg 150w\" sizes=\"(max-width: 600px) 100vw, 600px\" \/><\/figure><\/li><li class=\"blocks-gallery-item\"><figure><img loading=\"lazy\" width=\"600\" height=\"600\" src=\"http:\/\/www.puntoevirgolamamma.it\/wp-content\/uploads\/2020\/08\/xmoretticompact_kc313_p7.jpg.pagespeed.ic_.mQGsUUYJfU-01.jpeg\" alt=\"\" data-id=\"2474\" data-full-url=\"http:\/\/www.puntoevirgolamamma.it\/wp-content\/uploads\/2020\/08\/xmoretticompact_kc313_p7.jpg.pagespeed.ic_.mQGsUUYJfU-01.jpeg\" data-link=\"http:\/\/www.puntoevirgolamamma.it\/?attachment_id=2474\" class=\"wp-image-2474\" srcset=\"http:\/\/www.puntoevirgolamamma.it\/wp-content\/uploads\/2020\/08\/xmoretticompact_kc313_p7.jpg.pagespeed.ic_.mQGsUUYJfU-01.jpeg 600w, http:\/\/www.puntoevirgolamamma.it\/wp-content\/uploads\/2020\/08\/xmoretticompact_kc313_p7.jpg.pagespeed.ic_.mQGsUUYJfU-01-300x300.jpeg 300w, http:\/\/www.puntoevirgolamamma.it\/wp-content\/uploads\/2020\/08\/xmoretticompact_kc313_p7.jpg.pagespeed.ic_.mQGsUUYJfU-01-150x150.jpeg 150w\" sizes=\"(max-width: 600px) 100vw, 600px\" \/><\/figure><\/li><\/ul><\/figure>\n\n\n\n<p>Foto: <a href=\"https:\/\/www.googleadservices.com\/pagead\/aclk?sa=L&amp;ai=C62MS02kpX9auDJG9Y_vBuNgGrcyw8E30tKTigwfjwZel-A4IABABILlUYP2SiQSgAffJxv0DyAEBqQIPHeOs0rqzPsgD2CCqBDtP0NEdK4Gm7c0IqmRV8rkgxiYU6Qm3tbSXDLUV3oUEO6mjrf19c9HW1Y4UTxtAKBq98uk36IktlrpgfsAE3bv-q7EBgAWQTqAGUYAH8bW5ApAHAagHpr4bqAfw2RuoB_LZG6gH89EbqAfu2huoB-7SG6gHytwbqAfC2hvYBwGwCAHSCAUQAiCEAZoJHWh0dHA6Ly93d3cubW9yZXR0aWNvbXBhY3QuY29tsQkTXIKTV2xw4bkJE1yCk1dscOH4CQGYCwE&amp;ved=2ahUKEwiBy4TY2oHrAhVy_CoKHVuUAJUQ0Qx6BAgMEAE&amp;bg=!19Sl1MxYEM4pzoAIahECAAAAHVIAAAABmQDtucqU5Wvp7nY6sSnidYDhhwhdwt87e90MO_EoQ-qsMnx7vSBNWrpHk8xMHHcShginfcDih-AYY86hEr1iXvGK3fGSsrPrJ_nopdV8P53-a6W5srrxImfobatbw4yRwXSexGtprh2kRaNIWflqkW4P2OiN9uHHFg8M8YDzaedLWwBkMSJtXBmBGWTxRr8Jz7GNfN9DWrZmZ8yolYcj-moz6tIUocGtvtRlN6mznvCF5rw7GQaZJ_qxlykz5bLfFfGmViL58hQBpN_FOuYKuT4XhFxAVStEoRuprR1EmHadctDvEf2RtPucC9bbkJaX&amp;dblrd=1&amp;val=GgjCuzYoJGhPDSABKAAwopO9nf6859RxOJXN-_UFQNqcpfkF&amp;sig=AOD64_2rRRqqMCqP47GkBs2ZVN_xcEcEyA&amp;adurl=http:\/\/www.moretticompact.com\">Moretti Compact<\/a><\/p>\n\n<div style=\"font-size: 0px; height: 0px; line-height: 0px; margin: 0; padding: 0; clear: both;\"><\/div>","protected":false},"excerpt":{"rendered":"<p>Oggi ho il piacere di ospitare il guest post di Laura del blog Laura Home Planner, che ci regala qualche consiglio per scegliere la scrivania per la cameretta dei bambini. Non tutti sanno che scegliere la scrivania per la cameretta ha un ruolo fondamentale, lo so molti di voi penseranno: &#8220;tanto c\u2019\u00e8 il tavolo della [&#8230;]<\/p>\n","protected":false},"author":1,"featured_media":2471,"comment_status":"open","ping_status":"open","sticky":false,"template":"","format":"standard","meta":[],"categories":[324],"tags":[840,824],"_links":{"self":[{"href":"http:\/\/www.puntoevirgolamamma.it\/index.php\/wp-json\/wp\/v2\/posts\/2465"}],"collection":[{"href":"http:\/\/www.puntoevirgolamamma.it\/index.php\/wp-json\/wp\/v2\/posts"}],"about":[{"href":"http:\/\/www.puntoevirgolamamma.it\/index.php\/wp-json\/wp\/v2\/types\/post"}],"author":[{"embeddable":true,"href":"http:\/\/www.puntoevirgolamamma.it\/index.php\/wp-json\/wp\/v2\/users\/1"}],"replies":[{"embeddable":true,"href":"http:\/\/www.puntoevirgolamamma.it\/index.php\/wp-json\/wp\/v2\/comments?post=2465"}],"version-history":[{"count":1,"href":"http:\/\/www.puntoevirgolamamma.it\/index.php\/wp-json\/wp\/v2\/posts\/2465\/revisions"}],"predecessor-version":[{"id":2475,"href":"http:\/\/www.puntoevirgolamamma.it\/index.php\/wp-json\/wp\/v2\/posts\/2465\/revisions\/2475"}],"wp:featuredmedia":[{"embeddable":true,"href":"http:\/\/www.puntoevirgolamamma.it\/index.php\/wp-json\/wp\/v2\/media\/2471"}],"wp:attachment":[{"href":"http:\/\/www.puntoevirgolamamma.it\/index.php\/wp-json\/wp\/v2\/media?parent=2465"}],"wp:term":[{"taxonomy":"category","embeddable":true,"href":"http:\/\/www.puntoevirgolamamma.it\/index.php\/wp-json\/wp\/v2\/categories?post=2465"},{"taxonomy":"post_tag","embeddable":true,"href":"http:\/\/www.puntoevirgolamamma.it\/index.php\/wp-json\/wp\/v2\/tags?post=2465"}],"curies":[{"name":"wp","href":"https:\/\/api.w.org\/{rel}","templated":true}]}}