{"id":235,"date":"2015-09-25T10:48:17","date_gmt":"2015-09-25T08:48:17","guid":{"rendered":"http:\/\/www.puntoevirgolamamma.it\/?p=235"},"modified":"2015-09-25T10:48:17","modified_gmt":"2015-09-25T08:48:17","slug":"inserimento-allasilo-io-lho-superato-grazie-a-mia-figlia","status":"publish","type":"post","link":"http:\/\/www.puntoevirgolamamma.it\/index.php\/2015\/09\/25\/inserimento-allasilo-io-lho-superato-grazie-a-mia-figlia\/","title":{"rendered":"Inserimento all&#8217;asilo: io l&#8217;ho superato grazie a mia figlia"},"content":{"rendered":"<!--CusAdsVi1--><p><strong>Settembre \u00e8 un mese d&#8217;inizio<\/strong>. Un mese in cui tutto cambia, soprattutto per i bambini che hanno iniziato la scuola o l&#8217;asilo. <strong>Mia figlia Sofia \u00e8 al primo anno di scuola materna<\/strong>, ha iniziato da due settimane, e tutto sta andando per il meglio.<br \/>\nHa passato l&#8217;estate ad aspettare l&#8217;inizio dell&#8217;asilo, contava i giorni e mi chiedeva sempre quando sarebbe arrivato quel momento. Solo qualche giorno prima <strong><a href=\"http:\/\/www.puntoevirgolamamma.it\/index.php\/2015\/09\/03\/mamma-perche-devo-andare-allasilo-senza-te-e-papa\/\">ha iniziato a manifestare qualche paura<\/a><\/strong> e qualche dubbio su ci\u00f2 che stava accadendo, ma \u00e8 stato tutto passeggero.<br \/>\n<a href=\"http:\/\/www.puntoevirgolamamma.it\/wp-content\/uploads\/2015\/09\/disegno-sofia.jpg\"><img loading=\"lazy\" class=\"alignright size-medium wp-image-236\" src=\"http:\/\/www.puntoevirgolamamma.it\/wp-content\/uploads\/2015\/09\/disegno-sofia-300x208.jpg\" alt=\"disegno-sofia\" width=\"300\" height=\"208\" srcset=\"http:\/\/www.puntoevirgolamamma.it\/wp-content\/uploads\/2015\/09\/disegno-sofia-300x208.jpg 300w, http:\/\/www.puntoevirgolamamma.it\/wp-content\/uploads\/2015\/09\/disegno-sofia.jpg 600w\" sizes=\"(max-width: 300px) 100vw, 300px\" \/><\/a>Non c&#8217;\u00e8 stato neanche un giorno, fino ad ora, in cui <strong>Sofia<\/strong> ha rifiutato l&#8217;asilo. Si \u00e8 trovata bene dal primo momento, non ha mai pianto quando me ne andavo e non mi hanno mai detto che si \u00e8 comportata male. La mattina si sveglia felice, si lascia preparare ed ogni giorno sta diventando sempre pi\u00f9 autonoma. Va in bagno da sola, si cambia le scarpe, si cambia i vestiti. <strong>In sole due settimane, grazie all&#8217;asilo, \u00e8 cresciuta<\/strong>. Parla meglio, parla di pi\u00f9, \u00e8 pi\u00f9 dolce, si diverte sempre e si lamenta molto meno durante le giornate. E&#8217; una bambina felice, e con lei lo sono anche io.<br \/>\nMa ogni giorno vedo bambini che arrivano in classe piangendo, che non vogliono farsi cambiare, che fanno di tutto per evitare di entrare all&#8217;asilo e mamme che escono stanche, dispiaciute e con mille sensi di colpa.<br \/>\nIo, invece, sono felice, sono tranquilla, senza preoccupazioni. Non devo battagliare ogni mattina per portare <strong>Sofia<\/strong> all&#8217;asilo, non devo trascinarla, non devo vederla piangere, non devo sopportare il peso dei sensi di colpa. Io l&#8217;accompagno, l&#8217;aiuto a cambiarsi, la bacio, la saluto e la guardo entrare con il sorriso sulle labbra.<br \/>\n<strong>Io sono fortunata<\/strong>, perch\u00e9 non so come mi sarei comportata se ogni mattina fosse stata una tragedia.<br \/>\nQuest&#8217;estate io ero spaventata e preoccupata al pensiero che Sofia stava diventando grande e che ci saremmo dovute separare. <strong>Temevo questo primo distacco<\/strong> e speravo che il tempo iniziasse a rallentare il pi\u00f9 possibile. A volte la guardavo dormire e mi veniva da piangere, perch\u00e9 <strong>avevo paura che si sarebbe staccata da me<\/strong> e non ero pronta. Si, lo so, sono patologica ma sicuramente <strong>l&#8217;inserimento era pi\u00f9 per me che per lei<\/strong>. Per\u00f2 sono riuscita a superarlo. Ora mi piace accompagnarla, prendere il caff\u00e8 con le altre mamme, lavorare tranquilla, pulire casa ascoltando la musica e avere un po&#8217; di tempo per me. <strong>Mi piace l&#8217;abitudine che si \u00e8 creata<\/strong>, l&#8217;aver conosciuto persone nuove e il sapere che mia figlia \u00e8 felice a divertirsi. E quando la vado a prendere \u00e8 molto pi\u00f9 dolce e coccolosa di come era prima.<br \/>\nInsomma, <strong>ho superato alla grande questo inserimento<\/strong>, cos\u00ec come lo ha superato lei.<br \/>\nIo, per\u00f2, <strong>sono riuscita a superarlo grazie a lei<\/strong>. Solo grazie a lei.<br \/>\nE&#8217; lei che mi ha dato la forza per distaccarmi, per lasciarla andare, per fare in modo di insegnarle ad essere indipendente e a riuscire a fare le cose anche senza di me. <strong>Io rimango il suo rifugio sicuro quando torna a casa<\/strong>.<br \/>\nPerci\u00f2 <strong>grazie Sofia<\/strong>, grazie per essere una bambina cos\u00ec grande, cos\u00ec indipendente, cos\u00ec intelligente e socievole.<br \/>\nGrazie perch\u00e9 ogni giorno mi rendi orgogliosa di te e perch\u00e9 faciliti sempre il compito di mamma. Mi aiuti, mi fai da supporto, e la nostra complicit\u00e0 \u00e8 sempre pi\u00f9 forte.<br \/>\nGrazie, perch\u00e9 insieme siamo una vera e propria squadra.<br \/>\nL&#8217;inserimento \u00e8 ormai superato, Sofia vuole gi\u00e0 fare tempo pieno, ed io sono felice e fiera di mia figlia.<br \/>\nNon poteva andare meglio di cos\u00ec.<\/p><!--CusRndVi-->\n<p>Chiara<\/p>\n\n<div style=\"font-size: 0px; height: 0px; line-height: 0px; margin: 0; padding: 0; clear: both;\"><\/div>","protected":false},"excerpt":{"rendered":"<p>Settembre \u00e8 un mese d&#8217;inizio. Un mese in cui tutto cambia, soprattutto per i bambini che hanno iniziato la scuola o l&#8217;asilo. Mia figlia Sofia \u00e8 al primo anno di scuola materna, ha iniziato da due settimane, e tutto sta andando per il meglio. Ha passato l&#8217;estate ad aspettare l&#8217;inizio dell&#8217;asilo, contava i giorni e [&#8230;]<\/p>\n","protected":false},"author":1,"featured_media":236,"comment_status":"open","ping_status":"open","sticky":false,"template":"","format":"standard","meta":[],"categories":[1],"tags":[38,90,54,20],"_links":{"self":[{"href":"http:\/\/www.puntoevirgolamamma.it\/index.php\/wp-json\/wp\/v2\/posts\/235"}],"collection":[{"href":"http:\/\/www.puntoevirgolamamma.it\/index.php\/wp-json\/wp\/v2\/posts"}],"about":[{"href":"http:\/\/www.puntoevirgolamamma.it\/index.php\/wp-json\/wp\/v2\/types\/post"}],"author":[{"embeddable":true,"href":"http:\/\/www.puntoevirgolamamma.it\/index.php\/wp-json\/wp\/v2\/users\/1"}],"replies":[{"embeddable":true,"href":"http:\/\/www.puntoevirgolamamma.it\/index.php\/wp-json\/wp\/v2\/comments?post=235"}],"version-history":[{"count":1,"href":"http:\/\/www.puntoevirgolamamma.it\/index.php\/wp-json\/wp\/v2\/posts\/235\/revisions"}],"predecessor-version":[{"id":237,"href":"http:\/\/www.puntoevirgolamamma.it\/index.php\/wp-json\/wp\/v2\/posts\/235\/revisions\/237"}],"wp:featuredmedia":[{"embeddable":true,"href":"http:\/\/www.puntoevirgolamamma.it\/index.php\/wp-json\/wp\/v2\/media\/236"}],"wp:attachment":[{"href":"http:\/\/www.puntoevirgolamamma.it\/index.php\/wp-json\/wp\/v2\/media?parent=235"}],"wp:term":[{"taxonomy":"category","embeddable":true,"href":"http:\/\/www.puntoevirgolamamma.it\/index.php\/wp-json\/wp\/v2\/categories?post=235"},{"taxonomy":"post_tag","embeddable":true,"href":"http:\/\/www.puntoevirgolamamma.it\/index.php\/wp-json\/wp\/v2\/tags?post=235"}],"curies":[{"name":"wp","href":"https:\/\/api.w.org\/{rel}","templated":true}]}}