{"id":2070,"date":"2019-04-23T10:00:46","date_gmt":"2019-04-23T08:00:46","guid":{"rendered":"http:\/\/www.puntoevirgolamamma.it\/?p=2070"},"modified":"2019-04-21T23:13:30","modified_gmt":"2019-04-21T21:13:30","slug":"aprile-dolce-dormire-come-combattere-lastenia-nei-bambini","status":"publish","type":"post","link":"http:\/\/www.puntoevirgolamamma.it\/index.php\/2019\/04\/23\/aprile-dolce-dormire-come-combattere-lastenia-nei-bambini\/","title":{"rendered":"Aprile dolce dormire: come combattere l\u2019astenia nei bambini"},"content":{"rendered":"<!--CusAdsVi1--><p><em>Nadilla del blog <a href=\"https:\/\/datemiunam.it\/\">Datemi una M<\/a> ci regala un post in cui ci spiega come combattere l&#8217;astenia nei bambini e anche degli adulti.<\/em><\/p>\n<p>\u201cAprile dolce dormire\u201d, cos\u00ec recita un noto proverbio e, si sa, alla base dei vecchi adagi c\u2019\u00e8 sempre un briciolo di verit\u00e0.<br \/>\nQuello che la massima tralascia sono gli altri disturbi che si accompagnano al <b>cronico bisogno di dormire<\/b>:\u00a0<b>irrequietezza, irritabilit\u00e0, inappetenza, svogliatezza, mancanza di concentrazione<\/b>\u2026<br \/>\nQuesti sono i classici sintomi del <b>\u201cmal di primavera\u201d<\/b> che colpisce ogni anno grandi e piccini.<br \/>\nE se noi adulti in qualche modo riusciamo a venirne fuori, per i nostri bambini affrontare l\u2019<b>astenia<\/b> \u00e8 pi\u00f9 complicato.<\/p>\n<h2><span style=\"font-size: medium;\"><b>Cos\u2019\u00e8 l\u2019astenia<\/b><\/span><\/h2>\n<p>L\u2019<b>astenia<\/b> \u00e8 il termine colto con cui si indica la <b>riduzione di energia che causa una sensazione di affaticamento estremo<\/b>.<br \/>\nCome accennavo prima, l\u2019astenia \u00e8 una cosa <b>naturale e stagionale<\/b> (di solito colpisce in primavera ma alcuni ne soffrono anche in autunno) per cui, care mamme e cari pap\u00e0, non c\u2019\u00e8 niente di cui preoccuparsi.<br \/>\nUna volta preso atto che anche i nostri bambini ne soffrono, ci sono vari accorgimenti che possiamo utilizzare per contrastarla.<\/p>\n<h2><span style=\"font-size: medium;\"><b>Come combattere l\u2019astenia nei bambini (ma anche negli adulti)<\/b><\/span><\/h2>\n<p>L\u2019<b>astenia <\/b>insorge prevalentemente con l\u2019arrivo della <b>primavera<\/b>, in concomitanza con il <b>risveglio del corpo<\/b>.<br \/>\nGrazie all\u2019<b>aumento delle ore di luce <\/b>e all\u2019entrata in vigore dell\u2019ora legale, il nostro corpo \u00e8 per natura programmato a fare di pi\u00f9 con una conseguente richiesta di maggiore energia.<br \/>\n<b>Molto spesso, soprattutto nei bambini, questa richiesta di surplus energetico non trova una pronta risposta a livello fisico.<\/b><\/p>\n<p><img loading=\"lazy\" class=\"size-medium wp-image-2073 alignright\" src=\"http:\/\/www.puntoevirgolamamma.it\/wp-content\/uploads\/2019\/04\/IMG_1085-225x300.jpg\" alt=\"Aprile dolce dormire\" width=\"225\" height=\"300\" srcset=\"http:\/\/www.puntoevirgolamamma.it\/wp-content\/uploads\/2019\/04\/IMG_1085-225x300.jpg 225w, http:\/\/www.puntoevirgolamamma.it\/wp-content\/uploads\/2019\/04\/IMG_1085.jpg 600w\" sizes=\"(max-width: 225px) 100vw, 225px\" \/>Cosa possiamo fare allora per aiutarli? Ecco qui una serie di <b>consigli di facile applicazione<\/b> che possono aiutare a contrastare l\u2019astenia primaverile:<\/p><!--CusRndVi-->\n<ul>\n<li><b>Alleggerire il carico quotidiano<\/b>: i bambini di oggi sono generalmente molto impegnati, a volte troppo. Tra attivit\u00e0 scolastiche e sport consumano un sacco di energia. Sarebbe meglio quindi in questo periodo cercare di rallentare il ritmo e saltare qualche impegno: magari invece che fare sport tre volte a settimana diminuirlo a due o cercare di fare attivit\u00e0 meno intense.<\/li>\n<\/ul>\n<ul>\n<li><b>Curare l\u2019alimentazione<\/b>: ad una maggiore richiesta di energia si risponde con un aumento di \u201ccarburante\u201d, che non significa mangiare di pi\u00f9 ma <b>mangiare meglio<\/b>. Pesce azzurro, come sgombro e sardine, carne bianca, frutta secca, legumi, cereali integrali, frutta e verdura di stagione che garantiscono le vitamine pi\u00f9 adatte per questo periodo, soprattutto la vitamina C e quelle del gruppo B.<\/li>\n<\/ul>\n<ul>\n<li><b>Bere molto<\/b>: non sto nemmeno a scrivere su quanto sia importante fornire al nostro corpo il giusto apporto di liquidi. In primavera, quando ci si muove di pi\u00f9, anche il nostro corpo richiede pi\u00f9 acqua. Non aspettiamo che sia il bambino a chiedere da bere, ma proponiamo ad intervalli regolari un bicchiere di acqua, una spremuta o un bel centrifugato di frutta e verdura.<\/li>\n<\/ul>\n<ul>\n<li><b>Riposarsi<\/b>: i bambini hanno bisogno di dormire di pi\u00f9 rispetto a noi adulti e c\u2019\u00e8 una grossa differenza tra il <b>fabbisogno<\/b> di un bambino di un anno e uno di dieci. In questo periodo dormire di pi\u00f9 \u00e8 un bisogno fisiologico che andrebbe <b>assecondato<\/b> il pi\u00f9 possibile: \u00e8 normale che un bambino senta la necessit\u00e0 di dormire qualche ora il pomeriggio o che crolli prima la sera (mio figlio, che normalmente dorme sette ore a notte, in questo periodo ne dorme anche dieci per la gioia immensa della sua famiglia!)<\/li>\n<\/ul>\n<ul>\n<li><b>Stare all\u2019aria aperta<\/b>: giocare al parco o in giardino, passeggiare o girare in biciletta, va bene tutto pur di stare alla luce del sole e fare il pieno di vitamina D che fa bene sia al nostro corpo, soprattutto a pelle e ossa, sia al nostro umore<\/li>\n<\/ul>\n<ul>\n<li>Se ci sembra che nonostante tutto i nostri bambini siano sempre stanchi, possiamo ricorrere all\u2019uso di <b>integratori naturali<\/b>, come la pappa reale, o utilizzare <b>rimedi omeopatici o fitoterapici<\/b>, ma sempre su consiglio del nostro <u>pediatra di fiducia<\/u><\/li>\n<\/ul>\n<ul>\n<li>Ed infine, il consiglio pi\u00f9 importante: <b>abbiate pazienza<\/b> e lasciate che il corpo si abitui <b>gradualmente <\/b>al cambio di stagione. Ci\u00f2 che fino a cinquant\u2019anni fa era percepito come naturale e ovvio, ora \u00e8 vissuto quasi come una malattia o un problema grave. La societ\u00e0 moderna, con i ritmi di vita frenetici, ci obbliga a vivere sempre di corsa.<\/li>\n<\/ul>\n<p>La primavera pu\u00f2 essere l\u2019occasione giusta per riscoprire il <b>valore della lentezza<\/b> assieme ai nostri bambini.<\/p>\n<p>Nadilla<\/p>\n\n<div style=\"font-size: 0px; height: 0px; line-height: 0px; margin: 0; padding: 0; clear: both;\"><\/div>","protected":false},"excerpt":{"rendered":"<p>Nadilla del blog Datemi una M ci regala un post in cui ci spiega come combattere l&#8217;astenia nei bambini e anche degli adulti. \u201cAprile dolce dormire\u201d, cos\u00ec recita un noto proverbio e, si sa, alla base dei vecchi adagi c\u2019\u00e8 sempre un briciolo di verit\u00e0. Quello che la massima tralascia sono gli altri disturbi che [&#8230;]<\/p>\n","protected":false},"author":1,"featured_media":2072,"comment_status":"open","ping_status":"open","sticky":false,"template":"","format":"standard","meta":[],"categories":[1],"tags":[730,728,622,729,623],"_links":{"self":[{"href":"http:\/\/www.puntoevirgolamamma.it\/index.php\/wp-json\/wp\/v2\/posts\/2070"}],"collection":[{"href":"http:\/\/www.puntoevirgolamamma.it\/index.php\/wp-json\/wp\/v2\/posts"}],"about":[{"href":"http:\/\/www.puntoevirgolamamma.it\/index.php\/wp-json\/wp\/v2\/types\/post"}],"author":[{"embeddable":true,"href":"http:\/\/www.puntoevirgolamamma.it\/index.php\/wp-json\/wp\/v2\/users\/1"}],"replies":[{"embeddable":true,"href":"http:\/\/www.puntoevirgolamamma.it\/index.php\/wp-json\/wp\/v2\/comments?post=2070"}],"version-history":[{"count":1,"href":"http:\/\/www.puntoevirgolamamma.it\/index.php\/wp-json\/wp\/v2\/posts\/2070\/revisions"}],"predecessor-version":[{"id":2074,"href":"http:\/\/www.puntoevirgolamamma.it\/index.php\/wp-json\/wp\/v2\/posts\/2070\/revisions\/2074"}],"wp:featuredmedia":[{"embeddable":true,"href":"http:\/\/www.puntoevirgolamamma.it\/index.php\/wp-json\/wp\/v2\/media\/2072"}],"wp:attachment":[{"href":"http:\/\/www.puntoevirgolamamma.it\/index.php\/wp-json\/wp\/v2\/media?parent=2070"}],"wp:term":[{"taxonomy":"category","embeddable":true,"href":"http:\/\/www.puntoevirgolamamma.it\/index.php\/wp-json\/wp\/v2\/categories?post=2070"},{"taxonomy":"post_tag","embeddable":true,"href":"http:\/\/www.puntoevirgolamamma.it\/index.php\/wp-json\/wp\/v2\/tags?post=2070"}],"curies":[{"name":"wp","href":"https:\/\/api.w.org\/{rel}","templated":true}]}}