{"id":2046,"date":"2019-03-24T21:06:53","date_gmt":"2019-03-24T20:06:53","guid":{"rendered":"http:\/\/www.puntoevirgolamamma.it\/?p=2046"},"modified":"2019-03-24T21:06:53","modified_gmt":"2019-03-24T20:06:53","slug":"bene-ma-non-benissimo-storia-di-bullismo-a-lieto-fine-al-cinema","status":"publish","type":"post","link":"http:\/\/www.puntoevirgolamamma.it\/index.php\/2019\/03\/24\/bene-ma-non-benissimo-storia-di-bullismo-a-lieto-fine-al-cinema\/","title":{"rendered":"Bene ma non benissimo: storia di bullismo a lieto fine al cinema"},"content":{"rendered":"<!--CusAdsVi1--><p align=\"JUSTIFY\"><em>Il <strong>bullismo<\/strong> \u00e8 un argomento di cui si deve parlare sempre. Si tratta di un fenomeno che deve essere contrastato e sicuramente il cinema, i libri e la musica possono dare un messaggio molto importante. Il 4 Aprile arriva nei cinema il film di Francesco Mandelli <strong>&#8220;Bene ma non benissimo&#8221;<\/strong>, una storia di bullismo a lieto fine, che merita sicuramente di essere visto.\u00a0<\/em><\/p>\n<p align=\"JUSTIFY\"><span style=\"font-size: medium;\"><b>Europictures<\/b><\/span><span style=\"font-size: medium;\"> \u00e8 lieta di rilasciare il poster del film <\/span><span style=\"font-size: medium;\"><b>BENE MA NON BENISSIMO<\/b><\/span><span style=\"font-size: medium;\">, opera prima<\/span><span style=\"font-size: medium;\"> di <\/span><span style=\"font-size: medium;\"><b>Francesco Mandelli<\/b><\/span><span style=\"font-size: medium;\"> che, dopo il successo alla <\/span><span style=\"font-size: medium;\"><b>Festa del Cinema di Roma<\/b><\/span><span style=\"font-size: medium;\"> nella sezione <\/span><span style=\"font-size: medium;\"><b>Alice Nella Citt\u00e0<\/b><\/span><span style=\"font-size: medium;\">, arriva al cinema a partire dal <\/span><span style=\"font-size: medium;\"><b>4 aprile<\/b><\/span><span style=\"font-size: medium;\">. <\/span><\/p>\n<p align=\"JUSTIFY\"><span style=\"font-size: medium;\">Il film racconta una storia di bullismo a lieto fine tra i banchi di scuola e vede protagonista la giovanissima <\/span><span style=\"font-size: medium;\"><b>Francesca Giordano<\/b><\/span><span style=\"font-size: medium;\"> (<\/span><span style=\"font-size: medium;\"><i>La mafia uccide solo d\u2019estate \u2013 La serie<\/i><\/span><span style=\"font-size: medium;\">) e il piccolo<\/span><span style=\"font-size: medium;\"><b> Yan Shevchenko <\/b><\/span><span style=\"font-size: medium;\">nel ruolo del co-protagonista<\/span><span style=\"font-size: medium;\"><b>. <\/b><\/span><span style=\"font-size: medium;\">Con loro<\/span><span style=\"font-size: medium;\"><b> Euridice Axen, Gioele Dix, Maria Di Biase<\/b><\/span><span style=\"font-size: medium;\"> &#8211; con un particolare cameo di nei panni della madre della protagonista &#8211; e<\/span><b> <\/b><span style=\"font-size: medium;\">il rapper<\/span><span style=\"font-size: medium;\"><b> Shade <\/b><\/span><span style=\"font-size: medium;\">nel ruolo di se stesso. Completano il cast <\/span><span style=\"font-size: medium;\"><b>Giordano De Plano, Gisella Donadoni, Ugo Conti, Rosario Terranova, Emanuele Succa, Luca Zunic, Francesco Bottin<\/b><\/span><span style=\"font-size: medium;\">. <\/span><\/p><!--CusRndVi-->\n<p align=\"JUSTIFY\"><span style=\"font-size: medium;\"><i>Candida \u00e8 un\u2019adolescente paffutella e orfana di madre, che vive con il padre Salvo in un piccolo paese del sud. Ama ballare al ritmo delle canzoni di Shade, un famoso rapper di cui \u00e8 innamorata. Costretta a trasferirsi a Torino con il padre, Candida dovr\u00e0 affrontare la sfida di una nuova vita. Ma Torino si rivela pi\u00f9 dura del previsto, specie quando viene chiamata alla prova pi\u00f9 difficile: l\u2019integrazione in una nuova scuola a met\u00e0 dell\u2019anno scolastico tanto da diventare lo zimbello dei suoi nuovi compagni. Candida stringe per\u00f2 amicizia con Jacopo un ragazzino introverso e bullizzato dalla classe cui solo lei riesce a strappare il sorriso. Da semplici compagni di banco diventano ben presto amici inseparabili. Torino si trasforma agli occhi di Candida in una citt\u00e0 a suo modo magica e da scoprire con il suo nuovo amico. Il padre di Jacopo, un facoltoso imprenditore, non vede di buon occhio la loro amicizia fin quando non sar\u00e0 costretto a ricredersi.<\/i><\/span><\/p>\n<p align=\"JUSTIFY\"><span style=\"font-size: medium;\"><b>BENE MA NON BENISSIMO<\/b><\/span><span style=\"font-size: medium;\"> \u00e8 una commedia prodotta da <\/span><span style=\"font-size: medium;\"><b>Viva Productions<\/b><\/span><span style=\"font-size: medium;\">, Societ\u00e0 di Produzione milanese di <\/span><span style=\"font-size: medium;\"><b>Pier Paolo Piastra<\/b><\/span><span style=\"font-size: medium;\"> e realizzata con il sostegno di <\/span><span style=\"font-size: medium;\"><b>Film Commission Torino Piemonte<\/b><\/span><span style=\"font-size: medium;\"> e la collaborazione di <\/span><span style=\"font-size: medium;\"><b>FIP Film Investimenti Piemonte<\/b><\/span><span style=\"font-size: medium;\"> e sar\u00e0 distribuita nelle sale italiane dal 4 aprile da <\/span><span style=\"font-size: medium;\"><b>Europictures.<\/b><\/span><span style=\"font-size: medium;\"> Il film \u00e8 realizzato in co-produzione con <\/span><span style=\"font-size: medium;\"><b>Fabio Troiano<\/b><\/span><span style=\"font-size: medium;\">, <\/span><span style=\"font-size: medium;\"><b>Vincenzo Terracciano<\/b><\/span><span style=\"font-size: medium;\"> (anche sceneggiatori del film) e con <\/span><span style=\"font-size: medium;\"><b>Lupin Film<\/b><\/span><span style=\"font-size: medium;\"> di <\/span><span style=\"font-size: medium;\"><b>Riccardo Neri<\/b><\/span><span style=\"font-size: medium;\">, che ricopre inoltre il ruolo di produttore esecutivo.<\/span><\/p>\n<p align=\"JUSTIFY\">Buona visione a tutti!<\/p>\n<p align=\"JUSTIFY\">Chiara<\/p>\n\n<div style=\"font-size: 0px; height: 0px; line-height: 0px; margin: 0; padding: 0; clear: both;\"><\/div>","protected":false},"excerpt":{"rendered":"<p>Il bullismo \u00e8 un argomento di cui si deve parlare sempre. Si tratta di un fenomeno che deve essere contrastato e sicuramente il cinema, i libri e la musica possono dare un messaggio molto importante. Il 4 Aprile arriva nei cinema il film di Francesco Mandelli &#8220;Bene ma non benissimo&#8221;, una storia di bullismo a [&#8230;]<\/p>\n","protected":false},"author":1,"featured_media":2048,"comment_status":"open","ping_status":"open","sticky":false,"template":"","format":"standard","meta":[],"categories":[124],"tags":[705,707,85,706],"_links":{"self":[{"href":"http:\/\/www.puntoevirgolamamma.it\/index.php\/wp-json\/wp\/v2\/posts\/2046"}],"collection":[{"href":"http:\/\/www.puntoevirgolamamma.it\/index.php\/wp-json\/wp\/v2\/posts"}],"about":[{"href":"http:\/\/www.puntoevirgolamamma.it\/index.php\/wp-json\/wp\/v2\/types\/post"}],"author":[{"embeddable":true,"href":"http:\/\/www.puntoevirgolamamma.it\/index.php\/wp-json\/wp\/v2\/users\/1"}],"replies":[{"embeddable":true,"href":"http:\/\/www.puntoevirgolamamma.it\/index.php\/wp-json\/wp\/v2\/comments?post=2046"}],"version-history":[{"count":1,"href":"http:\/\/www.puntoevirgolamamma.it\/index.php\/wp-json\/wp\/v2\/posts\/2046\/revisions"}],"predecessor-version":[{"id":2049,"href":"http:\/\/www.puntoevirgolamamma.it\/index.php\/wp-json\/wp\/v2\/posts\/2046\/revisions\/2049"}],"wp:featuredmedia":[{"embeddable":true,"href":"http:\/\/www.puntoevirgolamamma.it\/index.php\/wp-json\/wp\/v2\/media\/2048"}],"wp:attachment":[{"href":"http:\/\/www.puntoevirgolamamma.it\/index.php\/wp-json\/wp\/v2\/media?parent=2046"}],"wp:term":[{"taxonomy":"category","embeddable":true,"href":"http:\/\/www.puntoevirgolamamma.it\/index.php\/wp-json\/wp\/v2\/categories?post=2046"},{"taxonomy":"post_tag","embeddable":true,"href":"http:\/\/www.puntoevirgolamamma.it\/index.php\/wp-json\/wp\/v2\/tags?post=2046"}],"curies":[{"name":"wp","href":"https:\/\/api.w.org\/{rel}","templated":true}]}}