{"id":1848,"date":"2018-09-25T15:23:30","date_gmt":"2018-09-25T13:23:30","guid":{"rendered":"http:\/\/www.puntoevirgolamamma.it\/?p=1848"},"modified":"2018-09-25T15:23:30","modified_gmt":"2018-09-25T13:23:30","slug":"book-pride-a-genova-i-laboratori-del-book-young","status":"publish","type":"post","link":"http:\/\/www.puntoevirgolamamma.it\/index.php\/2018\/09\/25\/book-pride-a-genova-i-laboratori-del-book-young\/","title":{"rendered":"Book Pride 2018 a Genova: i laboratori del Book Young"},"content":{"rendered":"<!--CusAdsVi1--><p>Il <strong>Book Pride<\/strong> \u00e8 pronto a tornare a Genova durante questo fine settimana, da venerd\u00ec 28 a domenica 30 Settembre.<br \/>\nDopo il successo incredibile dello scorso anno, arriva la seconda edizione della Fiera Nazionale dell&#8217;Editoria Indipendente, che ospiter\u00e0 presso Palazzo Ducale 80 case editrici pronte a testimoniare l&#8217;eccellenza dell&#8217;editoria indipendente in Italia. Tanti stand ricchi di libri di ogni genere e oltre 150 eventi e presentazioni di libri, per tre giorni immersi nella passione per la lettura.<\/p>\n<p>Oggi vi parlo del Book Young, spazio dedicato alla creativit\u00e0 e all\u2019editoria per ragazzi, presente al Book Pride. Un&#8217;occasione unica per i nostri figli per scoprire nuovi libri, incontrare gli autori e divertirsi con i tanti laboratori previsti nel corso dei tre giorni.<br \/>\nBook Young \u00e8 a cura di Andersen, la rivista e il premio dei libri per ragazzi, e dall&#8217;Econegozio La Formica di Genova. Partecipano a questo evento diverse case editrici: Babalibri, Coccole Books, Carthusia Edizioni, Kalandraka, Lapis Edizioni, Sinnos Editrice e Editoriale Scienza. Tutti gli eventi in programma sono gratuiti.<\/p>\n<p>Scopriamo insieme il programma delle tre giornate, per far divertire i nostri figli:<\/p>\n<p><strong>VENERDI 28 SETTEMBRE 2018<\/strong><\/p>\n<p>&#8211; Alle ore 14.00 e alle ore 15.00 presso la Sala Servizi Educativi 1 si terr\u00e0 il laboratorio <strong>&#8220;Il bambino con le scarpe rotte&#8221;<\/strong>, a cura di Edizioni Gruppo Abele per le classi quarte della scuola primaria. Le autrici Rosa Cambara e Ilaria Zanellato coinvolgeranno i partecipanti in un dialogo dedicato ai valori del rispetto e del dialogo per riuscire ad affrontare gli stereotipi e i pregiudizi legati alla differenza tra piccoli e adulti.<br \/>\n&#8211; Alle ore 14.00 presso la Sala Servizi Educativi 2 si terr\u00e0 il laboratorio <strong>&#8220;Di qua e di l\u00e0 dal mare. Filastrocche migranti&#8221;<\/strong>, a cura di Edizioni Gruppo Abele per le classi terze della scuola primaria. Si tratta di ventuno filastrocche sul tema della migrazione, una per ogni lettera dell&#8217;alfabeto. L&#8217;autore Carlo Marconi guider\u00e0 i bambini tra le storie di coloro che affrontano un viaggio difficile sognando un futuro migliore.<br \/>\n&#8211; Alle ore 15.00 presso la Sala Servizi Educativi 2 si terr\u00e0 il laboratorio <strong>&#8220;Dentro e fuori dal ring&#8221;<\/strong>, a cura di Coccole Books per le classi terze della scuola secondaria. L&#8217;autore de &#8220;L&#8217;Angelo di Al\u00ec&#8221;, Anselmo Roveda, incontrer\u00e0 le classi terze della scuola secondaria di primo grado Colombo per scoprire l&#8217;amicizia tra Angelo Dundee, ragazzo italoamericano diventato il pi\u00f9 famoso allenatore, e Muhammad Al\u00ec, il pi\u00f9 grande tra i pugili.<br \/>\n&#8211; Alle ore 15.00 presso la Sala Munizioniere si terr\u00e0 l&#8217;incontro<strong> &#8220;Ascolto con gli occhi e guardo con le orecchie&#8221;<\/strong>, a cura di Andersen, Carthusia Edizioni e la Direzione Politiche dell&#8217;Istruzione per le nuove generazioni del Comune di Genova, in collaborazione con l&#8217;Econegozio La Formica, AIB Liguria-Associazione Italiana Biblioteche e Nati Per Leggere Liguria. Il laboratorio \u00e8 tenuto da Elisabetta Garilli e Elisa Carusi, con l&#8217;intervento introduttivo di Doriana Allegri e Walter Fochesato. Si tratta di un incontro per insegnanti su &#8220;Tinotino Tinotina tin tin tin&#8221;, un libro che suggerisce come ascoltare le immagini e vedere la musica. Il primo passo per il corso di formazione per insegnanti dei nidi e delle scuole comunali sull\u2019albo illustrato, curato da Barbara Schiaffino e Walter Fochesato per il Comune di Genova.<br \/>\n&#8211; Alle ore 18.30 presso il Centro Scuole e Nuove Culture &#8211; CSNC si terr\u00e0 la mostra <strong>&#8220;Voci in Viaggio&#8221;<\/strong>, a cura di Direzione Politiche dell&#8217;Istruzione per le nuove generazioni del Comune di Genova, Andersen, Carthusia Edizioni, in collaborazione con l&#8217;Econegozio La Formica, per tutti. Una mostra con le suggestive illustrazioni di Gianni De Conno Illustrator, una lettura condivisa a pi\u00f9 voci intorno al libro che ha vinto il Superpremio Andersen 2018, ovvero &#8220;Il Buon Viaggio&#8221; di Beatrice Masini. Sar\u00e0 anche l&#8217;occasione per raccontare i progetti per l&#8217;educazione e la riflessione interculturale che il Laboratorio Migrazioni conduce durante l\u2019anno scolastico.<\/p>\n<p><strong>SABATO 29 SETTEMBRE 2018<\/strong><\/p><!--CusRndVi-->\n<p>&#8211; Alle ore 10.00 presso la Sala Servizi Educativi 1 si terr\u00e0 il laboratorio <strong>&#8220;Tinotino Tinotina Tino tin tin tin<\/strong>&#8220;, a cura di Carthusia Edizioni, in collaborazione con Andersen e Nati Per Leggere Liguria, per bambini di 5 anni. L&#8217;autrice e compositrice Elisabetta Garilli e la musicista Elisa Carusi guideranno i piccoli lettori in un magico laboratorio per ascoltare le immagini e vedere la musica.<br \/>\n&#8211; Alle ore 11.00 presso la Sala Servizi Educativi 2 si terr\u00e0 il laboratorio <strong>&#8220;Cappuccetto di tutti i colori&#8221;<\/strong>, a cura di Nati per Leggere Liguria, per bambini dai 4 anni. Con l&#8217;attore e narratore Dario Apicella si festegger\u00e0 Bruno Munari, leggendo &#8220;Cappuccetto Verde&#8221;, &#8220;Cappuccetto Bianco&#8221; e &#8220;Cappuccetto Giallo&#8221;, delle rivisitazioni fantastiche di una delle fiabe pi\u00f9 amate.<br \/>\n&#8211; Alle ore 15.00 presso la Sala Servizi Educativi 1 si terr\u00e0 il laboratorio<strong> &#8220;Quante Case&#8221;<\/strong>, a cura di Editoriale Scienza, per bambini dai 7 ai 10 anni. Il primo gesto per costruire una casa non \u00e8 posare un mattone, ma immaginare una funzione, una forma e disegnarla. I bambini, insieme a Caterina Lazzari, autrice di &#8220;Come Casa Mia&#8221;, impareranno ad osservare, progettare e disegnare gli edifici suggeriti dalla loro fantasia.<br \/>\n&#8211; Alle ore 15.00 presso la Sala Servizi Educativi 2 si terr\u00e0 il laboratorio <strong>&#8220;Isole Felici&#8221;<\/strong>, a cura di Sinnos Editrice, per bambini dai 6 ai 10 anni. Sfogliando il libro &#8220;Terre in vista!&#8221; di Pieter Gaudesaboos e Brunhilde Borns, Elisabetta Civardi accompagner\u00e0 i bambini nell&#8217;invenzione e la progettazione di un mondo immaginario, giocando con la creativit\u00e0 per riflettere sul bene comune.<br \/>\n&#8211; Alle ore 17.00 presso la Sala Servizi Educativi 1 si terr\u00e0 il laboratorio <strong>&#8220;Storie da Giocare e da Cantare&#8221;<\/strong>, a cura di Erga Edizioni, per bambini da 2 a 12 anni. Fiorella Colombo, Laura Di Biase e Giuseppe Pellegrini presenteranno a tutti i bambini figure fantastiche, come Lupo Giulivo e la Capra\u00a0 Belarda, Capitan Uncino e Trilli, Zoe la bambola di pezza e tanti principi e regine.<br \/>\n-Alle ore 17.00 presso la Sala Servizi Educativi 2 si terr\u00e0 il laboratorio<strong> &#8220;Una volta un giorno&#8221;<\/strong>, a cura di Didattica Genova palazzo Ducale, per bambini dai 3 ai 6 anni e famiglie. La suggestione dall&#8217;ascolto di poesie, rime e racconti \u00e8 lo spunto creativo per un lavoro pittorico in cui domina la fantasia. Con carta da pacco, tempere e pennelli ognuno potr\u00e0 realizzare la sua personale poesia dipinta.<\/p>\n<p><strong>DOMENICA 30 SETTEMBRE 2018<\/strong><\/p>\n<p>-Alle ore 11.00 presso la Sala Servizi Educativi 1 si terr\u00e0 il laboratorio <strong>&#8220;Ad Alta Voce. L&#8217;Orgoglio di Leggere Insieme&#8221;<\/strong>, a cura di Genova-Biblioteca Internazionale per Ragazzi E.De Amicis, per bambini da 3 a 8 anni. Una lettura ad alta voce per passeggiare tra le pagine per scoprire insieme alcune delle pi\u00f9 belle storie contemporanee. Un&#8217;occasione di ascolto e condivisione, tra storie e parole, con Francesco Langella e Chiara Zingaretti.<br \/>\n-Alle ore 15.00 presso la Sala Servizi Educativi 1 si terr\u00e0 il laboratorio <strong>&#8220;Gioca con la plastilina&#8221;<\/strong>, a cura di Editoriale Scienza, per bambini dai 3 anni. Con l&#8217;autrice Antonietta Manca , basandosi sul libro \u201cGioca con la plastilina\u201d, si pu\u00f2 dare forma alla creativit\u00e0, inventando personaggi e oggetti per creare sempre nuove storie.<br \/>\n-Alle ore 15.30 presso la Sala Servizi Educativi 2 si terr\u00e0 il laboratorio <strong>&#8220;Si pu\u00f2 dire senza voce&#8221;<\/strong>, a cura di Glifo Edizioni in collaborazione con la Casa della Maternit\u00e0 Le Maree e We Love Moms, per bambini a partire dai 4 anni. A volte non servono parole per capirsi, ma bastano sorrisi, abbracci e tenerezza. E&#8217; proprio la forza dellla cura reciproca che la piccola giraffa protagonista dell&#8217;albo \u201cSi pu\u00f2 dire senza voce\u201d di Armando Quintero insegna a tutti i suoi amici animali. L&#8217;illustratore Marco Som\u00e0 accompagner\u00e0 i bambini alla scoperta di questo libro, invitandoli a disegnare i loro ritratti e colorarli con stencil, pennelli e tempere.<br \/>\n&#8211; Alle ore 17.00 presso la Sala Servizi Educativi 1 si terr\u00e0 il laboratorio <strong>&#8220;Un talento splendente: Siobhan Dowd&#8221;<\/strong>, a cura di uovonero, in collaborazione con Andersen, l&#8217;Econegozio La Formica, Adov Genova, Sistema Bibliotecario Urbano del Comune di Genova, con il patrocinio di AIB Liguria \u2013 Associazione Italiana Biblioteche e Nati per Leggere Liguria, per adulti e ragazzi dai 12 anni. Un incontro dedicato ai meravigliosi romanzi di Siobhan Dowd, scrittrice irlandese, in prima linea per garantire la libert\u00e0 di pensiero e l&#8217;accesso alla lettura in ogni parte del mondo.<br \/>\n&#8211; Alle ore 17.00 presso la Sala Servizi Educativi 2 si terr\u00e0 il laboratorio <strong>&#8220;Una volta un giorno&#8221;<\/strong>, a cura di Didattica Genova palazzo Ducale, per bambini dai 3 ai 6 anni e famiglie. La suggestione dall&#8217;ascolto di poesie, rime e racconti \u00e8 lo spunto creativo per un lavoro pittorico in cui domina la fantasia. Con carta da pacco, tempere e pennelli ognuno potr\u00e0 realizzare la sua personale poesia dipinta.<\/p>\n<p>Per maggiori informazioni: <a href=\"http:\/\/bookpride.net\/site\/\">Book Pride 2018 <\/a><\/p>\n<p>Buon Book Young!<\/p>\n<p>Chiara<\/p>\n\n<div style=\"font-size: 0px; height: 0px; line-height: 0px; margin: 0; padding: 0; clear: both;\"><\/div>","protected":false},"excerpt":{"rendered":"<p>Il Book Pride \u00e8 pronto a tornare a Genova durante questo fine settimana, da venerd\u00ec 28 a domenica 30 Settembre. Dopo il successo incredibile dello scorso anno, arriva la seconda edizione della Fiera Nazionale dell&#8217;Editoria Indipendente, che ospiter\u00e0 presso Palazzo Ducale 80 case editrici pronte a testimoniare l&#8217;eccellenza dell&#8217;editoria indipendente in Italia. Tanti stand ricchi [&#8230;]<\/p>\n","protected":false},"author":1,"featured_media":1854,"comment_status":"open","ping_status":"open","sticky":false,"template":"","format":"standard","meta":[],"categories":[490],"tags":[522,649,332,521],"_links":{"self":[{"href":"http:\/\/www.puntoevirgolamamma.it\/index.php\/wp-json\/wp\/v2\/posts\/1848"}],"collection":[{"href":"http:\/\/www.puntoevirgolamamma.it\/index.php\/wp-json\/wp\/v2\/posts"}],"about":[{"href":"http:\/\/www.puntoevirgolamamma.it\/index.php\/wp-json\/wp\/v2\/types\/post"}],"author":[{"embeddable":true,"href":"http:\/\/www.puntoevirgolamamma.it\/index.php\/wp-json\/wp\/v2\/users\/1"}],"replies":[{"embeddable":true,"href":"http:\/\/www.puntoevirgolamamma.it\/index.php\/wp-json\/wp\/v2\/comments?post=1848"}],"version-history":[{"count":3,"href":"http:\/\/www.puntoevirgolamamma.it\/index.php\/wp-json\/wp\/v2\/posts\/1848\/revisions"}],"predecessor-version":[{"id":1855,"href":"http:\/\/www.puntoevirgolamamma.it\/index.php\/wp-json\/wp\/v2\/posts\/1848\/revisions\/1855"}],"wp:featuredmedia":[{"embeddable":true,"href":"http:\/\/www.puntoevirgolamamma.it\/index.php\/wp-json\/wp\/v2\/media\/1854"}],"wp:attachment":[{"href":"http:\/\/www.puntoevirgolamamma.it\/index.php\/wp-json\/wp\/v2\/media?parent=1848"}],"wp:term":[{"taxonomy":"category","embeddable":true,"href":"http:\/\/www.puntoevirgolamamma.it\/index.php\/wp-json\/wp\/v2\/categories?post=1848"},{"taxonomy":"post_tag","embeddable":true,"href":"http:\/\/www.puntoevirgolamamma.it\/index.php\/wp-json\/wp\/v2\/tags?post=1848"}],"curies":[{"name":"wp","href":"https:\/\/api.w.org\/{rel}","templated":true}]}}