{"id":1539,"date":"2018-01-08T12:59:32","date_gmt":"2018-01-08T11:59:32","guid":{"rendered":"http:\/\/www.puntoevirgolamamma.it\/?p=1539"},"modified":"2018-01-08T13:04:53","modified_gmt":"2018-01-08T12:04:53","slug":"le-nostre-vacanze-natalizie","status":"publish","type":"post","link":"http:\/\/www.puntoevirgolamamma.it\/index.php\/2018\/01\/08\/le-nostre-vacanze-natalizie\/","title":{"rendered":"Le nostre vacanze di Natale"},"content":{"rendered":"<!--CusAdsVi1--><p>Quest&#8217;anno le <strong>vacanze di Natale<\/strong> ci hanno viste spesso sul divano con l&#8217;influenza, ma nonostante questo non ci siamo lasciate abbattere e, quando la febbre \u00e8 passata, tra un aerosol e un rinowash, siamo riuscite lo stesso a divertirci e passare dei momenti bellissimi.<br \/>\n<img loading=\"lazy\" class=\"size-medium wp-image-1542 alignright\" src=\"http:\/\/www.puntoevirgolamamma.it\/wp-content\/uploads\/2018\/01\/24852102_10214487568332783_5416972286792192786_n-300x216.jpg\" alt=\"\" width=\"300\" height=\"216\" srcset=\"http:\/\/www.puntoevirgolamamma.it\/wp-content\/uploads\/2018\/01\/24852102_10214487568332783_5416972286792192786_n-300x216.jpg 300w, http:\/\/www.puntoevirgolamamma.it\/wp-content\/uploads\/2018\/01\/24852102_10214487568332783_5416972286792192786_n-768x553.jpg 768w, http:\/\/www.puntoevirgolamamma.it\/wp-content\/uploads\/2018\/01\/24852102_10214487568332783_5416972286792192786_n.jpg 960w\" sizes=\"(max-width: 300px) 100vw, 300px\" \/>In realt\u00e0, i nostri giretti natalizi sono iniziati prima delle vacanze, con dei bellissimi giretti nelle <strong>case di Babbo Natale<\/strong>.<br \/>\nLa prima che siamo andati a visitare \u00e8 stato il <strong>Villaggio di Giuele a Finale Ligure<\/strong>. Un villaggio di Babbo Natale davvero bellissimo, in cui i bambini, con gettoni a pagamento, potevano fare tantissime attivit\u00e0, come lo scivolone, la letterina, il pattinaggio sul ghiaccio, il brucomela natalizio, il giretto sul pony e il laboratorio di biscotti natalizi. All&#8217;interno abbiamo visto un presepe davvero speciale, anzi un villaggio in miniatura davvero unico, e abbiamo incontrato i personaggi di Frozen in carne ed ossa, che hanno cantato e ballato benissimo. All&#8217;interno del villaggio, inoltre, c&#8217;era un bellissimo mercatino e la casa di Babbo Natale.<br \/>\nPoi abbiamo visitato il<strong> castello di Babbo Natale di Camogli<\/strong>. Una sorta di bellissima casa al mare, addobbata alla perfezione, in modo davvero suggestivo, dove i bambini hanno potuto incontrare Babbo Natale, fare il truccabimbi (noi abbiamo scelto un bellissimo Olaf sulla guancia), disegnare le tipiche finestrelle del paese e chiedere un oggetto speciale al falegname. Un elfetta, inoltre, ha fatto spedire le letterine direttamente a Babbo Natale.<br \/>\n<img loading=\"lazy\" class=\"alignleft size-medium wp-image-1541\" src=\"http:\/\/www.puntoevirgolamamma.it\/wp-content\/uploads\/2018\/01\/24176808_10214482851974877_2909331415028761292_n-300x284.jpg\" alt=\"\" width=\"300\" height=\"284\" srcset=\"http:\/\/www.puntoevirgolamamma.it\/wp-content\/uploads\/2018\/01\/24176808_10214482851974877_2909331415028761292_n-300x284.jpg 300w, http:\/\/www.puntoevirgolamamma.it\/wp-content\/uploads\/2018\/01\/24176808_10214482851974877_2909331415028761292_n-768x727.jpg 768w, http:\/\/www.puntoevirgolamamma.it\/wp-content\/uploads\/2018\/01\/24176808_10214482851974877_2909331415028761292_n.jpg 960w\" sizes=\"(max-width: 300px) 100vw, 300px\" \/>Un altro bellissimo <strong>castello di Babbo Natale<\/strong> che siamo riuscite a visitare \u00e8 stato quello di <strong>Rapallo<\/strong>, anche questo addobbato in maniera davvero speciale, pieno di elfi e di dettagli natalizi, con tanto di stanze della casa di Babbo Natale che, ovviamente, era presente per raccogliere tutte le letterine.<br \/>\nAnche il <strong>villaggio di Natale di Loano<\/strong> \u00e8 bellissimo, con un mercatino ricco di idee regalo e bellissime creazioni fatte a mano e la casa di Babbo Natale per tutti i bambini.<\/p><!--CusRndVi-->\n<p>Non sono mancati i giretti nei <strong>mercatini di Natale<\/strong> che tanto ci piacciono, come quello tradizionale di San Nicola, nel centro di Genova, quello di Piazza Matteotti e la fiera del Libro di Piazza De Ferrari. Tantissime bancarelle piene di cose fatte a mano, con idee regalo davvero bellissime per grandi e piccini. Non abbiamo rinunciato neppure alla fiera <strong>NataleIdea<\/strong> alla Fiera di Genova, anche se devo dire che quest&#8217;anno ci ha un po&#8217; deluso. Ogni anno ci sono sempre meno banchi e ci dispiace sempre vedere che con il tempo diventa sempre meno interessante. Rimane comunque uno dei nostri giretti tradizionale, cos\u00ec come il<strong> Luna Park<\/strong>, che ogni Natale viene a rendere le vacanze ancora pi\u00f9 divertenti con i tantissimi giochi per bambini e per adulti. Inutile dire che ci siamo divertiti tantissimo!<\/p>\n<p><img loading=\"lazy\" class=\"size-medium wp-image-1543 alignright\" src=\"http:\/\/www.puntoevirgolamamma.it\/wp-content\/uploads\/2018\/01\/26114183_10214724366892599_3323951159386044460_n-300x172.jpg\" alt=\"\" width=\"300\" height=\"172\" srcset=\"http:\/\/www.puntoevirgolamamma.it\/wp-content\/uploads\/2018\/01\/26114183_10214724366892599_3323951159386044460_n-300x172.jpg 300w, http:\/\/www.puntoevirgolamamma.it\/wp-content\/uploads\/2018\/01\/26114183_10214724366892599_3323951159386044460_n-768x441.jpg 768w, http:\/\/www.puntoevirgolamamma.it\/wp-content\/uploads\/2018\/01\/26114183_10214724366892599_3323951159386044460_n.jpg 960w\" sizes=\"(max-width: 300px) 100vw, 300px\" \/>Per quanto riguarda i <strong>presepi<\/strong>, quest&#8217;anno a causa dell&#8217;influenza non siamo riusciti a vederli tutti purtroppo. Ma non ci siamo persi quello <strong>meccanizzato di Campo Ligure<\/strong> e il <strong>presepe delle favole di Orero<\/strong>, con cui andiamo sempre insieme ai nonni. Entrambi molto belli. Il primo meccanizzato, con tutti i personaggi che si muovono, con il giorno e la notte che si alternano, curato interamente in ogni minimo dettaglio. E&#8217; sempre lo stesso da quando ero bambina, ma ogni anno riesce a stupirmi ed emozionarmi, come se fosse sempre nuovo. Il secondo, invece, \u00e8 un presepe diverso, fatto con i personaggi delle favole a grandezza naturale, all&#8217;interno delle case del paese. Abbiamo incontrato la Bella Addormentata, Peter Pan, Pippi Calzelunghe, Spiderman, Harry Potter, Fantaghir\u00f2, la Bella e la Bestia, Raperonzolo, Mowgli, Cenerentola, Aladino e chi pi\u00f9 ne ha pi\u00f9 ne metta. Tantissime favole che lasciano incantati i bambini.<\/p>\n<p>Solitamente ogni anno andiamo al <strong>cinema<\/strong>. Quest&#8217;anno la scelta \u00e8 caduta su <strong>Coco<\/strong>, un film ben fatto (come tutti quelli Disney) ma molto particolare, che tratta un argomento profondo e che mi ha fatto piangere dall&#8217;inizio alla fine. Insomma, con tutto il rispetto per la Disney e per i meravigliosi film che ci regala, io questo film avrei anche fatto a meno di vederlo. A mio parere \u00e8 un po&#8217; difficile da capire per tanti bambini, per altri molto triste, e per gli adulti particolarmente commovente e malinconico, soprattutto durante le feste di Natale.<\/p>\n<p>Non \u00e8 mancata la nostra <strong>passeggiata per le strade di Alassio<\/strong>, paese che adoro. Abbiamo avuto la fortuna di scegliere una giornata di sole, in cui si poteva stare senza giacca in spiaggia, quasi come fosse primavera. Una giornata davvero bellissima.<\/p>\n<p>Sono state vacanze divertenti, con bei regali, shopping, decorazioni natalizie, giornate rilassanti, giornate pi\u00f9 faticose, ma tutte bellissime. Il tutto arricchito dalla presenza della famiglia, dal nostro calendario dell&#8217;avvento speciale, dal nostro Capodanno divertente e bellissimo trascorso a casa noi tre tra musica e giochi, e dall&#8217;arrivo degli elfetti e della Befana! Siamo stati cos\u00ec bene insieme che ripartire oggi non \u00e8 stato facilissimo. Per\u00f2 Sofia era super felice di rientrare all&#8217;asilo, e noi la nostra quotidianit\u00e0 l&#8217;adoriamo. Quindi bentornata bellissima routine!<\/p>\n<p>Buon rientro a tutti!<\/p>\n<p>Chiara<\/p>\n\n<div style=\"font-size: 0px; height: 0px; line-height: 0px; margin: 0; padding: 0; clear: both;\"><\/div>","protected":false},"excerpt":{"rendered":"<p>Quest&#8217;anno le vacanze di Natale ci hanno viste spesso sul divano con l&#8217;influenza, ma nonostante questo non ci siamo lasciate abbattere e, quando la febbre \u00e8 passata, tra un aerosol e un rinowash, siamo riuscite lo stesso a divertirci e passare dei momenti bellissimi. In realt\u00e0, i nostri giretti natalizi sono iniziati prima delle vacanze, [&#8230;]<\/p>\n","protected":false},"author":1,"featured_media":1542,"comment_status":"open","ping_status":"open","sticky":false,"template":"","format":"standard","meta":[],"categories":[1],"tags":[174,176,554,550],"_links":{"self":[{"href":"http:\/\/www.puntoevirgolamamma.it\/index.php\/wp-json\/wp\/v2\/posts\/1539"}],"collection":[{"href":"http:\/\/www.puntoevirgolamamma.it\/index.php\/wp-json\/wp\/v2\/posts"}],"about":[{"href":"http:\/\/www.puntoevirgolamamma.it\/index.php\/wp-json\/wp\/v2\/types\/post"}],"author":[{"embeddable":true,"href":"http:\/\/www.puntoevirgolamamma.it\/index.php\/wp-json\/wp\/v2\/users\/1"}],"replies":[{"embeddable":true,"href":"http:\/\/www.puntoevirgolamamma.it\/index.php\/wp-json\/wp\/v2\/comments?post=1539"}],"version-history":[{"count":3,"href":"http:\/\/www.puntoevirgolamamma.it\/index.php\/wp-json\/wp\/v2\/posts\/1539\/revisions"}],"predecessor-version":[{"id":1545,"href":"http:\/\/www.puntoevirgolamamma.it\/index.php\/wp-json\/wp\/v2\/posts\/1539\/revisions\/1545"}],"wp:featuredmedia":[{"embeddable":true,"href":"http:\/\/www.puntoevirgolamamma.it\/index.php\/wp-json\/wp\/v2\/media\/1542"}],"wp:attachment":[{"href":"http:\/\/www.puntoevirgolamamma.it\/index.php\/wp-json\/wp\/v2\/media?parent=1539"}],"wp:term":[{"taxonomy":"category","embeddable":true,"href":"http:\/\/www.puntoevirgolamamma.it\/index.php\/wp-json\/wp\/v2\/categories?post=1539"},{"taxonomy":"post_tag","embeddable":true,"href":"http:\/\/www.puntoevirgolamamma.it\/index.php\/wp-json\/wp\/v2\/tags?post=1539"}],"curies":[{"name":"wp","href":"https:\/\/api.w.org\/{rel}","templated":true}]}}