{"id":1092,"date":"2017-02-24T15:35:37","date_gmt":"2017-02-24T14:35:37","guid":{"rendered":"http:\/\/www.puntoevirgolamamma.it\/?p=1092"},"modified":"2017-02-24T15:40:23","modified_gmt":"2017-02-24T14:40:23","slug":"e-sempre-colpa-dei-dentini","status":"publish","type":"post","link":"http:\/\/www.puntoevirgolamamma.it\/index.php\/2017\/02\/24\/e-sempre-colpa-dei-dentini\/","title":{"rendered":"\u00c8 sempre colpa dei dentini?"},"content":{"rendered":"<!--CusAdsVi1--><p><em>Oggi sono lieta di ospitare il nuovo guest post di Beatrice Turchi di <a href=\"http:\/\/www.lagendadimammabea.com\/\">L&#8217;Agenda di Mamma Bea<\/a>. Buona lettura!<\/em><\/p>\n<p><img loading=\"lazy\" class=\"alignright size-medium wp-image-1093\" src=\"http:\/\/www.puntoevirgolamamma.it\/wp-content\/uploads\/2017\/02\/dentini-200x300.jpg\" alt=\"dentini\" width=\"200\" height=\"300\" srcset=\"http:\/\/www.puntoevirgolamamma.it\/wp-content\/uploads\/2017\/02\/dentini-200x300.jpg 200w, http:\/\/www.puntoevirgolamamma.it\/wp-content\/uploads\/2017\/02\/dentini.jpg 333w\" sizes=\"(max-width: 200px) 100vw, 200px\" \/>Quando mio figlio era piccolo, come tutti i bambini, verso il 2\u00b0 o 3\u00b0\u00a0 mese inizi\u00f2 a mordicchiare tutti gli oggetti che gli capitavano a tiro e ad essere pi\u00f9 irritabile del solito.<br \/>\nE, come tutte le mamme, detti <strong>la colpa ai dentini<\/strong> che stavano spuntando\u2026<br \/>\nPoi, tempo fa leggendo un articolo di Uppa (esattamente \u201cI denti sono innocenti\u201d a cura del dott. Sergio Conti Nibali, n. 4\/2016) mi sono resa conto di come mi fossi sbagliata su certi luoghi comuni.<br \/>\nInfatti, alcuni i bambini, mettono <strong>i primi dentini<\/strong> anche dopo l\u2019anno di vita, mentre altri iniziano gi\u00e0 verso i 6 mesi. Ma tutti cominciano gi\u00e0 dal 2\u00b0 o 3\u00b0 mese a mettersi tutto in bocca. Perch\u00e9?<br \/>\nSiamo sicuri che sia per la \u201csmania\u201d da dentini?<br \/>\nPiuttosto, questo atteggiamento \u00e8 da ricondurre a un <strong>comportamento fisiologico di conoscenza del mondo<\/strong>. La bocca rappresenta per i piccolini il principale <strong>organo di comunicazione<\/strong>.\u00a0 E loro comunicano e interagiscono nel loro modo: <strong>portandosi tutto alla bocca<\/strong>.<br \/>\nMa perch\u00e9 piangono allora? Semplicemente perch\u00e9 non riescono a fare ci\u00f2 che vorrebbero. Se all\u2019inizio si infilano uno, due, tre dita in bocca, poi passeranno alla manina, la vorranno introdurre tutta fino al polso, ma non riuscendoci, si arrabbieranno un po\u2019 e da l\u00ec inizier\u00e0 la piccola tragedia\u2026 Stessa cosa per altri oggetti come lenzuolini, la mano della mamma, i giocattoli, ecc\u2026<br \/>\nIl <strong>gesto di portarsi alla bocca gli oggetti<\/strong> fa parte del normale sviluppo psicomotorio del bambino. Lui in questo momento sta esplorando il mondo.<br \/>\nOvviamente, quando arriver\u00e0 il vero momento dei <strong>dentini<\/strong>, il piccolo pianger\u00e0. Ma innanzi tutto inizier\u00e0 a partire dal 6\u00b0 mese (se non addirittura dopo il primo anno) e non dal 2\u00b0 o 3\u00b0 mese e poi durer\u00e0 soltanto 1-2 giorni per ogni dentino (non mesi e mesi). Soprattutto, meglio non precipitarsi nell\u2019acquisto di pomatine o roba varia, se non sotto consiglio del pediatra.<\/p><!--CusRndVi-->\n<p>Questo momento come tanti altri momenti della vita di tuo figlio, \u00e8 sicuramente magico e meraviglioso.<br \/>\nSe vuoi, puoi condividere le tue emozioni sul <a href=\"http:\/\/www.lagendadimammabea.com\/forums\/topic\/racconta-la-tua-famiglia\/\">forum del mio blog<\/a>.<\/p>\n<p>Beatrice<\/p>\n\n<div style=\"font-size: 0px; height: 0px; line-height: 0px; margin: 0; padding: 0; clear: both;\"><\/div>","protected":false},"excerpt":{"rendered":"<p>Oggi sono lieta di ospitare il nuovo guest post di Beatrice Turchi di L&#8217;Agenda di Mamma Bea. Buona lettura! Quando mio figlio era piccolo, come tutti i bambini, verso il 2\u00b0 o 3\u00b0\u00a0 mese inizi\u00f2 a mordicchiare tutti gli oggetti che gli capitavano a tiro e ad essere pi\u00f9 irritabile del solito. E, come tutte [&#8230;]<\/p>\n","protected":false},"author":1,"featured_media":1096,"comment_status":"open","ping_status":"open","sticky":false,"template":"","format":"standard","meta":[],"categories":[324],"tags":[22,398,399,327],"_links":{"self":[{"href":"http:\/\/www.puntoevirgolamamma.it\/index.php\/wp-json\/wp\/v2\/posts\/1092"}],"collection":[{"href":"http:\/\/www.puntoevirgolamamma.it\/index.php\/wp-json\/wp\/v2\/posts"}],"about":[{"href":"http:\/\/www.puntoevirgolamamma.it\/index.php\/wp-json\/wp\/v2\/types\/post"}],"author":[{"embeddable":true,"href":"http:\/\/www.puntoevirgolamamma.it\/index.php\/wp-json\/wp\/v2\/users\/1"}],"replies":[{"embeddable":true,"href":"http:\/\/www.puntoevirgolamamma.it\/index.php\/wp-json\/wp\/v2\/comments?post=1092"}],"version-history":[{"count":2,"href":"http:\/\/www.puntoevirgolamamma.it\/index.php\/wp-json\/wp\/v2\/posts\/1092\/revisions"}],"predecessor-version":[{"id":1095,"href":"http:\/\/www.puntoevirgolamamma.it\/index.php\/wp-json\/wp\/v2\/posts\/1092\/revisions\/1095"}],"wp:featuredmedia":[{"embeddable":true,"href":"http:\/\/www.puntoevirgolamamma.it\/index.php\/wp-json\/wp\/v2\/media\/1096"}],"wp:attachment":[{"href":"http:\/\/www.puntoevirgolamamma.it\/index.php\/wp-json\/wp\/v2\/media?parent=1092"}],"wp:term":[{"taxonomy":"category","embeddable":true,"href":"http:\/\/www.puntoevirgolamamma.it\/index.php\/wp-json\/wp\/v2\/categories?post=1092"},{"taxonomy":"post_tag","embeddable":true,"href":"http:\/\/www.puntoevirgolamamma.it\/index.php\/wp-json\/wp\/v2\/tags?post=1092"}],"curies":[{"name":"wp","href":"https:\/\/api.w.org\/{rel}","templated":true}]}}