{"id":1083,"date":"2017-02-15T12:00:58","date_gmt":"2017-02-15T11:00:58","guid":{"rendered":"http:\/\/www.puntoevirgolamamma.it\/?p=1083"},"modified":"2017-02-13T22:18:20","modified_gmt":"2017-02-13T21:18:20","slug":"ballerina-al-cinema-un-film-dedicato-alla-danza-ai-sogni","status":"publish","type":"post","link":"http:\/\/www.puntoevirgolamamma.it\/index.php\/2017\/02\/15\/ballerina-al-cinema-un-film-dedicato-alla-danza-ai-sogni\/","title":{"rendered":"Ballerina al cinema, un film dedicato alla danza e ai sogni"},"content":{"rendered":"<!--CusAdsVi1--><p>Gioved\u00ec <strong>16 Febbraio 2017<\/strong>, in tutte le sale cinematografiche, arriva <strong>Ballerina<\/strong>, un film d&#8217;animazione dedicato alla danza e ai sogni.<br \/>\n<strong>Ballerina<\/strong> \u00e8 un film bellissimo, dedicato a tutti coloro che credono ancora nei propri sogni e nelle proprie passioni, che con impegno, coraggio e ambizione decidono di realizzare i propri sogni ed affrontare le grandi sfide della vita.<br \/>\nIl film, che pone l&#8217;attenzione sulla <strong>danza classica<\/strong>, \u00e8 un cartone animato adatto ai bambini, ma anche a chi bambino lo \u00e8 stato e a volte, quando nessuno lo vede, riproduce di nascosto qualche passo di danza sulle note di una vecchia canzone. Ma soprattutto \u00e8 <strong>dedicato a chi sa ancora emozionarsi<\/strong> e a chi sa che nella vita, se si desidera qualcosa, si pu\u00f2 ottenere, realizzando cos\u00ec i propri sogni.<br \/>\nLa protagonista di <strong>Ballerina<\/strong> si chiama F\u00e9licie e sogna di lasciare finalmente l&#8217;orfanotrofio dove \u00e8 costretta a vivere per andare nella scuola di danza dell&#8217;Op\u00e9ra e diventare una grande ballerina, realizzando il suo pi\u00f9 grande sogno.<br \/>\nGrazie all&#8217;aiuto di Victor, il suo amico inventore, F\u00e9licie riesce a fuggire dall&#8217;orfanotrofio per scappare a Parigi, dove riuscir\u00e0 ad accedere alla scuola di danza tanto sognata. La sguattera Odette, la cui carriera nella danza fu stroncata da un incidente, aiuta la piccola F\u00e9licie ad imparare tutto quello che le serve.<br \/>\nRiuscir\u00e0 la nostra <strong>Ballerina<\/strong> a trovare il coraggio, la forza e la motivazione per superare tutti gli ostacoli e realizzare il proprio sogno?<br \/>\nIl sogno di una ragazzina che in un certo senso rispecchia i nostri sogni e quelli dei nostri bambini.<br \/>\nUn film da non perdere, per le<strong> emozioni<\/strong> che pu\u00f2 regalare a chiunque abbia mai ballato ed anche a chi non ama la danza ma sa cosa vuol dire lottare per i propri sogni.<br \/>\n<strong>Un bellissimo messaggio per i nostri bambini<\/strong>, che hanno bisogno di credere nelle loro passioni, nelle loro capacit\u00e0 e nei loro sogni. Proprio come noi adulti, anzi un po&#8217; di pi\u00f9.<br \/>\n<strong>Ballerina vi aspetta al cinema, dal 16 Febbraio 2017<\/strong>.<br \/>\nNon perdetelo!<\/p><!--CusRndVi-->\n<p>Chiara<\/p>\n\n<div style=\"font-size: 0px; height: 0px; line-height: 0px; margin: 0; padding: 0; clear: both;\"><\/div>","protected":false},"excerpt":{"rendered":"<p>Gioved\u00ec 16 Febbraio 2017, in tutte le sale cinematografiche, arriva Ballerina, un film d&#8217;animazione dedicato alla danza e ai sogni. Ballerina \u00e8 un film bellissimo, dedicato a tutti coloro che credono ancora nei propri sogni e nelle proprie passioni, che con impegno, coraggio e ambizione decidono di realizzare i propri sogni ed affrontare le grandi [&#8230;]<\/p>\n","protected":false},"author":1,"featured_media":1084,"comment_status":"open","ping_status":"open","sticky":false,"template":"","format":"standard","meta":[],"categories":[124],"tags":[100,313,396,85,91],"_links":{"self":[{"href":"http:\/\/www.puntoevirgolamamma.it\/index.php\/wp-json\/wp\/v2\/posts\/1083"}],"collection":[{"href":"http:\/\/www.puntoevirgolamamma.it\/index.php\/wp-json\/wp\/v2\/posts"}],"about":[{"href":"http:\/\/www.puntoevirgolamamma.it\/index.php\/wp-json\/wp\/v2\/types\/post"}],"author":[{"embeddable":true,"href":"http:\/\/www.puntoevirgolamamma.it\/index.php\/wp-json\/wp\/v2\/users\/1"}],"replies":[{"embeddable":true,"href":"http:\/\/www.puntoevirgolamamma.it\/index.php\/wp-json\/wp\/v2\/comments?post=1083"}],"version-history":[{"count":2,"href":"http:\/\/www.puntoevirgolamamma.it\/index.php\/wp-json\/wp\/v2\/posts\/1083\/revisions"}],"predecessor-version":[{"id":1086,"href":"http:\/\/www.puntoevirgolamamma.it\/index.php\/wp-json\/wp\/v2\/posts\/1083\/revisions\/1086"}],"wp:featuredmedia":[{"embeddable":true,"href":"http:\/\/www.puntoevirgolamamma.it\/index.php\/wp-json\/wp\/v2\/media\/1084"}],"wp:attachment":[{"href":"http:\/\/www.puntoevirgolamamma.it\/index.php\/wp-json\/wp\/v2\/media?parent=1083"}],"wp:term":[{"taxonomy":"category","embeddable":true,"href":"http:\/\/www.puntoevirgolamamma.it\/index.php\/wp-json\/wp\/v2\/categories?post=1083"},{"taxonomy":"post_tag","embeddable":true,"href":"http:\/\/www.puntoevirgolamamma.it\/index.php\/wp-json\/wp\/v2\/tags?post=1083"}],"curies":[{"name":"wp","href":"https:\/\/api.w.org\/{rel}","templated":true}]}}